{"id":79882,"date":"2025-02-14T04:24:02","date_gmt":"2025-02-14T03:24:02","guid":{"rendered":"https:\/\/www.aemora.pt\/?p=79882"},"modified":"2025-02-20T17:56:44","modified_gmt":"2025-02-20T16:56:44","slug":"canal-de-denuncias","status":"publish","type":"post","link":"https:\/\/www.aemora.pt\/?p=79882","title":{"rendered":"Canal de Denuncias"},"content":{"rendered":"<p>Informa\u00e7\u00e3o sobre a den\u00fancia<\/p>\n<p>Os canais de den\u00fancia do Agrupamento de Escolas de Mora, integram o programa de cumprimento normativo, de acordo com <a href=\"https:\/\/files.dre.pt\/1s\/2021\/12\/23701\/0001900042.pdf\">Decreto-Lei n.\u00ba 109-E\/2021<\/a>, de 09.12, com a finalidade de prevenir, detetar e sancionar os atos de corrup\u00e7\u00e3o e infra\u00e7\u00f5es conexas nos termos do disposto na\u00a0<a href=\"https:\/\/files.dre.pt\/1s\/2021\/12\/24400\/0000300015.pdf\">Lei n.\u00ba 93\/2021<\/a>, de 20.12, que estabelece o Regime Geral de Prote\u00e7\u00e3o de Denunciantes de Infra\u00e7\u00f5es (RGPDI), transpondo a\u00a0<a href=\"https:\/\/eur-lex.europa.eu\/legal-content\/PT\/TXT\/PDF\/?uri=CELEX:32019L1937\">Diretiva (UE) 2019\/1937<\/a>, do Parlamento Europeu e do Conselho, de 23.10. Permitem tamb\u00e9m a den\u00fancia de uma eventual viola\u00e7\u00e3o do C\u00f3digo de Boa Conduta para a Preven\u00e7\u00e3o e Combate ao Ass\u00e9dio no Trabalho, de acordo com o plasmado na\u00a0<a href=\"https:\/\/www.pgdlisboa.pt\/leis\/lei_mostra_articulado.php?nid=2743&amp;tabela=leis&amp;so_miolo=\">Lei n.\u00ba 73\/2017<\/a>, de 16.08, e no art.\u00ba 29.\u00ba, do\u00a0<a href=\"https:\/\/diariodarepublica.pt\/dr\/legislacao-consolidada\/lei\/2009-34546475\">C\u00f3digo do Trabalho<\/a>\u00a0(CT).<\/p>\n<p>Nos termos da referida lei, o Agrupamento de Escolas de Mora (AE Mora), disponibiliza canais de den\u00fancia interna e externa aos denunciantes, garantindo-lhes as condi\u00e7\u00f5es de seguran\u00e7a, sigilo, confidencialidade da identidade ou o anonimato.<\/p>\n<p>Antes de apresentar a sua den\u00fancia tenha em conta o seguinte:<\/p>\n<p>Verifique se se enquadra como \u201cdenunciante\u201d de acordo com o estabelecido no art.\u00ba 5.\u00ba, na Lei n.\u00ba 93\/2021, de 20.12, pois caso contr\u00e1rio a den\u00fancia apresentada pode n\u00e3o ser da compet\u00eancia do AE de Mora.<\/p>\n<p>Verifique se a situa\u00e7\u00e3o que vai denunciar tem enquadramento no art.\u00ba 2.\u00ba, da Lei n.\u00ba 93\/2021, de 20.12, pois caso contr\u00e1rio a den\u00fancia apresentada poder\u00e1 n\u00e3o ser da compet\u00eancia do AE de Mora.<\/p>\n<p>A den\u00fancia deve ser completa e fundamentada indicando, sempre que poss\u00edvel, toda a informa\u00e7\u00e3o detalhada sobre os factos ocorridos e ser acompanhada do respetivo suporte documental ou outro, para que possa ser devidamente tratada pelo AE de Mora.<\/p>\n<ol>\n<li>\u00a0Quem pode denunciar?<\/li>\n<\/ol>\n<p>Os canais de den\u00fancia destinam-se, de acordo com o art.\u00ba 5.\u00ba, da Lei n.\u00ba 93\/2021, de 20.12, aos dirigentes, trabalhadores e colaboradores do AE de Mora, bem como a qualquer pessoa que, no \u00e2mbito da sua atividade profissional, se relacione, de alguma forma, com o Instituto, incluindo os trabalhadores do setor privado, social e p\u00fablico, ex-trabalhadores e tamb\u00e9m prestadores de servi\u00e7os, contratantes, subcontratantes, fornecedores (ou quaisquer outras pessoas sob a supervis\u00e3o e dire\u00e7\u00e3o destes), volunt\u00e1rios ou estagi\u00e1rios (independentemente de serem ou n\u00e3o remunerados) e os titulares de participa\u00e7\u00f5es sociais.<\/p>\n<ol start=\"2\">\n<li>\u00a0Como pode denunciar?<\/li>\n<\/ol>\n<p>Preferencialmente,\u00a0<strong>por escrito<\/strong>, atrav\u00e9s de plataforma eletr\u00f3nica (dispon\u00edvel no ponto 7) ou por via postal (envelope fechado com indica\u00e7\u00e3o \u201cN\u00e3o abrir\u201d)\u00a0 para o AE de Mora.<\/p>\n<p>A\/C \u2013 Respons\u00e1vel pelas Den\u00fancias<br \/>\nAgrupamento de Escolas de Mora<br \/>\nEstrada de Brotas<br \/>\n7490-222 Mora<\/p>\n<p><strong>Verbalmente<\/strong>, atrav\u00e9s de ficheiro \u00e1udio de grava\u00e7\u00e3o de voz, remetido pela plataforma, ou, sempre que expressamente solicitado pelo denunciante, mediante marca\u00e7\u00e3o pr\u00e9via com o Respons\u00e1vel pelas Den\u00fancias, atrav\u00e9s do telefone +351 266 403 245 (das 10h \u00e0s 12h30 e das 14h30 \u00e0s 16h30), a efetivar na sede deste.<\/p>\n<p>Por email para\u00a0<a href=\"mailto:canaldenuncias@aemora.pt\">canaldenuncias@aemora.pt<\/a><\/p>\n<p>A den\u00fancia pode ser apresentada anonimamente ou com a identifica\u00e7\u00e3o do denunciante.<\/p>\n<ol start=\"3\">\n<li>\u00a0O que pode ser denunciado?<\/li>\n<\/ol>\n<p>Os canais de den\u00fancia devem ser utilizados para comunicar as irregularidades previstas na Lei n.\u00ba 93\/2021, de 20.12, que traduzam viola\u00e7\u00f5es do direito da Uni\u00e3o Europeia (art.\u00ba 1.\u00ba) e infra\u00e7\u00f5es tipificadas na lei (art.\u00ba 2.\u00ba), envolvam diretamente ao AE Mora. e resultem de informa\u00e7\u00f5es obtidas no \u00e2mbito da atividade profissional do denunciante (n.\u00ba 1, do art.\u00ba 5.\u00ba).<\/p>\n<p>A den\u00fancia pode ser referente a infra\u00e7\u00f5es j\u00e1 cometidas, que se encontrem em fase de execu\u00e7\u00e3o ou cujo cometimento se consiga prever.<\/p>\n<p>Podem, tamb\u00e9m, ser objeto de den\u00fancia assuntos relacionados com eventual viola\u00e7\u00e3o do C\u00f3digo de Boa Conduta para a Preven\u00e7\u00e3o e Combate ao Ass\u00e9dio no Trabalho, de acordo com o plasmado na Lei n.\u00ba 73\/2017, de 16.08.<\/p>\n<ol start=\"4\">\n<li>\u00a0Quem faz o tratamento da den\u00fancia?<\/li>\n<\/ol>\n<p>A rece\u00e7\u00e3o e seguimento da den\u00fancia \u00e9 efetuada pelo AE de Mora, de forma imparcial e independente, estando assegurados procedimentos de salvaguarda em caso de eventual situa\u00e7\u00e3o de conflito de interesses. A identidade do denunciante, bem como as informa\u00e7\u00f5es que, direta ou indiretamente, permitam deduzir a sua identidade, t\u00eam natureza confidencial e s\u00e3o de acesso restrito \u00e0s pessoas respons\u00e1veis por receber e dar seguimento \u00e0 den\u00fancia, de acordo com o art.\u00ba 18.\u00ba, do RGPDI.<\/p>\n<ol start=\"5\">\n<li>\u00a0Qual o prazo de resposta \u00e0 den\u00fancia de atos de corrup\u00e7\u00e3o e infra\u00e7\u00f5es conexas?<\/li>\n<\/ol>\n<p>O denunciante ser\u00e1 notificado, no prazo m\u00e1ximo de 7 (sete) dias, da rece\u00e7\u00e3o da den\u00fancia.<\/p>\n<p>O Agrupamento de Escolas de Mora , no prazo m\u00e1ximo de 3 (tr\u00eas) meses a contar da data da rece\u00e7\u00e3o da den\u00fancia, comunicar\u00e1 ao denunciante as medidas previstas ou adotadas para dar seguimento \u00e0 den\u00fancia e a respetiva fundamenta\u00e7\u00e3o.<\/p>\n<p>O denunciante pode requerer, a qualquer momento, a comunica\u00e7\u00e3o do resultado da an\u00e1lise efetuada \u00e0 den\u00fancia, no prazo m\u00e1ximo de 15 (quinze) dias, ap\u00f3s a respetiva conclus\u00e3o.<\/p>\n<ol start=\"6\">\n<li>\u00a0Que prote\u00e7\u00e3o \u00e9 concedida ao denunciante?<\/li>\n<\/ol>\n<p>\u00c9 garantida a prote\u00e7\u00e3o do denunciante, desde que este atue de boa-f\u00e9, e tendo fundamento s\u00e9rio para crer que as informa\u00e7\u00f5es s\u00e3o, no momento da den\u00fancia, verdadeiras e denuncie uma infra\u00e7\u00e3o nos termos estabelecidos no art.\u00ba 2.\u00ba, da Lei n.\u00ba 93\/2021, de 20.12, quanto a situa\u00e7\u00f5es de corrup\u00e7\u00e3o, e da Lei n.\u00ba 73\/2017, de 16.08, relativamente a situa\u00e7\u00f5es de ass\u00e9dio.<\/p>\n<p>As medidas de apoio a denunciantes de infra\u00e7\u00f5es, por atos de corrup\u00e7\u00e3o ou infra\u00e7\u00f5es conexas, est\u00e3o previstas no art.\u00ba 22.\u00ba, do RGPDI. Desde logo, os denunciantes t\u00eam direito, nos termos gerais, a prote\u00e7\u00e3o jur\u00eddica, podendo igualmente beneficiar de medidas para prote\u00e7\u00e3o de testemunhas em processo penal, art.\u00ba 21.\u00ba, do RGPDI.<\/p>\n<p>Os denunciantes e as testemunhas referentes ao ass\u00e9dio, de acordo com o art.\u00ba 29.\u00ba, do CT, beneficiam de prote\u00e7\u00e3o disciplinar, quer em processo contraordenacional, quer judicial, mas estabelece-se a ressalva de que esta prote\u00e7\u00e3o n\u00e3o \u00e9 aplic\u00e1vel se atuarem com dolo, sendo que esta prote\u00e7\u00e3o tem como limite a data do tr\u00e2nsito em julgado da decis\u00e3o.<\/p>\n<ol start=\"7\">\n<li>\u00a0Como efetuar uma den\u00fancia online?<\/li>\n<\/ol>\n<p>Den\u00fancia Online (Brevemente)<\/p>\n","protected":false},"excerpt":{"rendered":"<p>Informa\u00e7\u00e3o sobre a den\u00fancia Os canais de den\u00fancia do Agrupamento de Escolas de Mora, integram o programa de cumprimento normativo, de acordo com Decreto-Lei n.\u00ba&hellip;<\/p>\n","protected":false},"author":5,"featured_media":0,"comment_status":"closed","ping_status":"closed","sticky":false,"template":"","format":"standard","meta":{"_EventAllDay":false,"_EventTimezone":"","_EventStartDate":"","_EventEndDate":"","_EventStartDateUTC":"","_EventEndDateUTC":"","_EventShowMap":false,"_EventShowMapLink":false,"_EventURL":"","_EventCost":"","_EventCostDescription":"","_EventCurrencySymbol":"","_EventCurrencyCode":"","_EventCurrencyPosition":"","_EventDateTimeSeparator":"","_EventTimeRangeSeparator":"","_EventOrganizerID":[],"_EventVenueID":[],"_OrganizerEmail":"","_OrganizerPhone":"","_OrganizerWebsite":"","_VenueAddress":"","_VenueCity":"","_VenueCountry":"","_VenueProvince":"","_VenueState":"","_VenueZip":"","_VenuePhone":"","_VenueURL":"","_VenueStateProvince":"","_VenueLat":"","_VenueLng":"","_VenueShowMap":false,"_VenueShowMapLink":false,"footnotes":""},"categories":[121],"tags":[],"class_list":["post-79882","post","type-post","status-publish","format-standard","hentry","category-agrupamento"],"featured_image_url":[],"post_author":"Paulo Torres","assigned_categories":"Agrupamento","_links":{"self":[{"href":"https:\/\/www.aemora.pt\/index.php?rest_route=\/wp\/v2\/posts\/79882","targetHints":{"allow":["GET"]}}],"collection":[{"href":"https:\/\/www.aemora.pt\/index.php?rest_route=\/wp\/v2\/posts"}],"about":[{"href":"https:\/\/www.aemora.pt\/index.php?rest_route=\/wp\/v2\/types\/post"}],"author":[{"embeddable":true,"href":"https:\/\/www.aemora.pt\/index.php?rest_route=\/wp\/v2\/users\/5"}],"replies":[{"embeddable":true,"href":"https:\/\/www.aemora.pt\/index.php?rest_route=%2Fwp%2Fv2%2Fcomments&post=79882"}],"version-history":[{"count":2,"href":"https:\/\/www.aemora.pt\/index.php?rest_route=\/wp\/v2\/posts\/79882\/revisions"}],"predecessor-version":[{"id":80183,"href":"https:\/\/www.aemora.pt\/index.php?rest_route=\/wp\/v2\/posts\/79882\/revisions\/80183"}],"wp:attachment":[{"href":"https:\/\/www.aemora.pt\/index.php?rest_route=%2Fwp%2Fv2%2Fmedia&parent=79882"}],"wp:term":[{"taxonomy":"category","embeddable":true,"href":"https:\/\/www.aemora.pt\/index.php?rest_route=%2Fwp%2Fv2%2Fcategories&post=79882"},{"taxonomy":"post_tag","embeddable":true,"href":"https:\/\/www.aemora.pt\/index.php?rest_route=%2Fwp%2Fv2%2Ftags&post=79882"}],"curies":[{"name":"wp","href":"https:\/\/api.w.org\/{rel}","templated":true}]}}