{"id":80192,"date":"2025-02-22T16:20:39","date_gmt":"2025-02-22T15:20:39","guid":{"rendered":"https:\/\/www.aemora.pt\/?p=80192"},"modified":"2025-02-22T16:22:13","modified_gmt":"2025-02-22T15:22:13","slug":"competencias-pessoais-e-sociais-2","status":"publish","type":"post","link":"https:\/\/www.aemora.pt\/?p=80192","title":{"rendered":"Compet\u00eancias Pessoais e Sociais"},"content":{"rendered":"<div style=\"width: 1080px;\" class=\"wp-video\"><video class=\"wp-video-shortcode\" id=\"video-80192-1\" width=\"1080\" height=\"1920\" autoplay preload=\"metadata\" controls=\"controls\"><source type=\"video\/mp4\" src=\"https:\/\/www.aemora.pt\/wp-content\/uploads\/2025\/02\/Black-and-White-Minimalist-Modern-Photo-Collage-Search-Daily-Vlog-Animated-Instagram-reels.mp4?_=1\" \/><a href=\"https:\/\/www.aemora.pt\/wp-content\/uploads\/2025\/02\/Black-and-White-Minimalist-Modern-Photo-Collage-Search-Daily-Vlog-Animated-Instagram-reels.mp4\">https:\/\/www.aemora.pt\/wp-content\/uploads\/2025\/02\/Black-and-White-Minimalist-Modern-Photo-Collage-Search-Daily-Vlog-Animated-Instagram-reels.mp4<\/a><\/video><\/div>\n<p style=\"text-align: justify;\"><span style=\"font-family: georgia, palatino, serif;\">Atendendo \u00e0 solicita\u00e7\u00e3o dos docentes, est\u00e3o a decorrer <\/span><span style=\"font-family: georgia, palatino, serif;\">sess\u00f5es <\/span><span style=\"font-family: georgia, palatino, serif;\">de desenvolvimento de compet\u00eancias pessoais e sociais nas turmas M02, 5\u00baA e 5\u00baB. Atualmente, o foco destas <\/span><span style=\"font-family: georgia, palatino, serif;\">sess\u00f5es <\/span><span style=\"font-family: georgia, palatino, serif;\">centra-se na tem\u00e1tica das emo\u00e7\u00f5es, promovendo a ideia de que todas as emo\u00e7\u00f5es s\u00e3o v\u00e1lidas e que \u00e9 poss\u00edvel aprender a geri-las de forma mais eficaz.<\/span><\/p>\n","protected":false},"excerpt":{"rendered":"<p>Atendendo \u00e0 solicita\u00e7\u00e3o dos docentes, est\u00e3o a decorrer sess\u00f5es de desenvolvimento de compet\u00eancias pessoais e sociais nas turmas M02, 5\u00baA e 5\u00baB. Atualmente, o foco&hellip;<\/p>\n","protected":false},"author":5,"featured_media":0,"comment_status":"closed","ping_status":"closed","sticky":false,"template":"","format":"standard","meta":{"_EventAllDay":false,"_EventTimezone":"","_EventStartDate":"","_EventEndDate":"","_EventStartDateUTC":"","_EventEndDateUTC":"","_EventShowMap":false,"_EventShowMapLink":false,"_EventURL":"","_EventCost":"","_EventCostDescription":"","_EventCurrencySymbol":"","_EventCurrencyCode":"","_EventCurrencyPosition":"","_EventDateTimeSeparator":"","_EventTimeRangeSeparator":"","_EventOrganizerID":[],"_EventVenueID":[],"_OrganizerEmail":"","_OrganizerPhone":"","_OrganizerWebsite":"","_VenueAddress":"","_VenueCity":"","_VenueCountry":"","_VenueProvince":"","_VenueState":"","_VenueZip":"","_VenuePhone":"","_VenueURL":"","_VenueStateProvince":"","_VenueLat":"","_VenueLng":"","_VenueShowMap":false,"_VenueShowMapLink":false,"footnotes":""},"categories":[121],"tags":[],"class_list":["post-80192","post","type-post","status-publish","format-standard","hentry","category-agrupamento"],"featured_image_url":[],"post_author":"Paulo Torres","assigned_categories":"Agrupamento","_links":{"self":[{"href":"https:\/\/www.aemora.pt\/index.php?rest_route=\/wp\/v2\/posts\/80192","targetHints":{"allow":["GET"]}}],"collection":[{"href":"https:\/\/www.aemora.pt\/index.php?rest_route=\/wp\/v2\/posts"}],"about":[{"href":"https:\/\/www.aemora.pt\/index.php?rest_route=\/wp\/v2\/types\/post"}],"author":[{"embeddable":true,"href":"https:\/\/www.aemora.pt\/index.php?rest_route=\/wp\/v2\/users\/5"}],"replies":[{"embeddable":true,"href":"https:\/\/www.aemora.pt\/index.php?rest_route=%2Fwp%2Fv2%2Fcomments&post=80192"}],"version-history":[{"count":1,"href":"https:\/\/www.aemora.pt\/index.php?rest_route=\/wp\/v2\/posts\/80192\/revisions"}],"predecessor-version":[{"id":80196,"href":"https:\/\/www.aemora.pt\/index.php?rest_route=\/wp\/v2\/posts\/80192\/revisions\/80196"}],"wp:attachment":[{"href":"https:\/\/www.aemora.pt\/index.php?rest_route=%2Fwp%2Fv2%2Fmedia&parent=80192"}],"wp:term":[{"taxonomy":"category","embeddable":true,"href":"https:\/\/www.aemora.pt\/index.php?rest_route=%2Fwp%2Fv2%2Fcategories&post=80192"},{"taxonomy":"post_tag","embeddable":true,"href":"https:\/\/www.aemora.pt\/index.php?rest_route=%2Fwp%2Fv2%2Ftags&post=80192"}],"curies":[{"name":"wp","href":"https:\/\/api.w.org\/{rel}","templated":true}]}}