{"id":80303,"date":"2025-03-11T14:35:17","date_gmt":"2025-03-11T13:35:17","guid":{"rendered":"https:\/\/www.aemora.pt\/?p=80303"},"modified":"2025-03-11T14:35:17","modified_gmt":"2025-03-11T13:35:17","slug":"acao-de-sensibilizacao-no-dia-17-de-marco-de-2025","status":"publish","type":"post","link":"https:\/\/www.aemora.pt\/?p=80303","title":{"rendered":"A\u00e7\u00e3o de sensibiliza\u00e7\u00e3o no dia 17 de mar\u00e7o de 2025"},"content":{"rendered":"<p><img fetchpriority=\"high\" decoding=\"async\" class=\"wp-image-80304 size-full aligncenter\" src=\"https:\/\/www.aemora.pt\/wp-content\/uploads\/2025\/03\/2.png\" alt=\"\" width=\"1414\" height=\"2000\" srcset=\"https:\/\/www.aemora.pt\/wp-content\/uploads\/2025\/03\/2.png 1414w, https:\/\/www.aemora.pt\/wp-content\/uploads\/2025\/03\/2-212x300.png 212w, https:\/\/www.aemora.pt\/wp-content\/uploads\/2025\/03\/2-724x1024.png 724w, https:\/\/www.aemora.pt\/wp-content\/uploads\/2025\/03\/2-768x1086.png 768w, https:\/\/www.aemora.pt\/wp-content\/uploads\/2025\/03\/2-1086x1536.png 1086w\" sizes=\"(max-width: 1414px) 100vw, 1414px\" \/><\/p>\n","protected":false},"excerpt":{"rendered":"","protected":false},"author":5,"featured_media":0,"comment_status":"closed","ping_status":"closed","sticky":false,"template":"","format":"standard","meta":{"_EventAllDay":false,"_EventTimezone":"","_EventStartDate":"","_EventEndDate":"","_EventStartDateUTC":"","_EventEndDateUTC":"","_EventShowMap":false,"_EventShowMapLink":false,"_EventURL":"","_EventCost":"","_EventCostDescription":"","_EventCurrencySymbol":"","_EventCurrencyCode":"","_EventCurrencyPosition":"","_EventDateTimeSeparator":"","_EventTimeRangeSeparator":"","_EventOrganizerID":[],"_EventVenueID":[],"_OrganizerEmail":"","_OrganizerPhone":"","_OrganizerWebsite":"","_VenueAddress":"","_VenueCity":"","_VenueCountry":"","_VenueProvince":"","_VenueState":"","_VenueZip":"","_VenuePhone":"","_VenueURL":"","_VenueStateProvince":"","_VenueLat":"","_VenueLng":"","_VenueShowMap":false,"_VenueShowMapLink":false,"footnotes":""},"categories":[121],"tags":[],"class_list":["post-80303","post","type-post","status-publish","format-standard","hentry","category-agrupamento"],"featured_image_url":[],"post_author":"Paulo Torres","assigned_categories":"Agrupamento","_links":{"self":[{"href":"https:\/\/www.aemora.pt\/index.php?rest_route=\/wp\/v2\/posts\/80303","targetHints":{"allow":["GET"]}}],"collection":[{"href":"https:\/\/www.aemora.pt\/index.php?rest_route=\/wp\/v2\/posts"}],"about":[{"href":"https:\/\/www.aemora.pt\/index.php?rest_route=\/wp\/v2\/types\/post"}],"author":[{"embeddable":true,"href":"https:\/\/www.aemora.pt\/index.php?rest_route=\/wp\/v2\/users\/5"}],"replies":[{"embeddable":true,"href":"https:\/\/www.aemora.pt\/index.php?rest_route=%2Fwp%2Fv2%2Fcomments&post=80303"}],"version-history":[{"count":0,"href":"https:\/\/www.aemora.pt\/index.php?rest_route=\/wp\/v2\/posts\/80303\/revisions"}],"wp:attachment":[{"href":"https:\/\/www.aemora.pt\/index.php?rest_route=%2Fwp%2Fv2%2Fmedia&parent=80303"}],"wp:term":[{"taxonomy":"category","embeddable":true,"href":"https:\/\/www.aemora.pt\/index.php?rest_route=%2Fwp%2Fv2%2Fcategories&post=80303"},{"taxonomy":"post_tag","embeddable":true,"href":"https:\/\/www.aemora.pt\/index.php?rest_route=%2Fwp%2Fv2%2Ftags&post=80303"}],"curies":[{"name":"wp","href":"https:\/\/api.w.org\/{rel}","templated":true}]}}