{"id":80344,"date":"2025-03-25T13:49:54","date_gmt":"2025-03-25T12:49:54","guid":{"rendered":"https:\/\/www.aemora.pt\/?p=80344"},"modified":"2025-03-25T21:14:01","modified_gmt":"2025-03-25T20:14:01","slug":"noticia-do-dia-internacional-da-matematica-dim","status":"publish","type":"post","link":"https:\/\/www.aemora.pt\/?p=80344","title":{"rendered":"Dia Internacional da Matem\u00e1tica (DIM)"},"content":{"rendered":"<p>&nbsp;<\/p>\n<p><img fetchpriority=\"high\" decoding=\"async\" class=\"aligncenter\" src=\"https:\/\/www.aemora.pt\/wp-content\/uploads\/2025\/03\/DIM.jpg\" alt=\"\" width=\"717\" height=\"274\" \/><\/p>\n<p style=\"text-align: justify;\">No passado dia 14 de mar\u00e7o, o Agrupamento de Escolas de Mora comemorou o Dia Internacional da Matem\u00e1tica, com o mote \u201d<em>Matem\u00e1tica, Arte e Criatividade<\/em>\u201d. Podemos ver uma exposi\u00e7\u00e3o de trabalho realizados na disciplina de Educa\u00e7\u00e3o Visual alusivos ao tema. Do pr\u00e9-escolar ao secund\u00e1rio, os alunos reuniram-se, no intervalo da manh\u00e3, para celebrar com a constru\u00e7\u00e3o de s\u00f3lidos geom\u00e9tricos e a decora\u00e7\u00e3o de um painel com o \u201cPI\u201d. Este ano, os alunos tamb\u00e9m foram convidados a participar na 1.\u00aa Edi\u00e7\u00e3o do Concurso \u201cAo Sabor da Matem\u00e1tica\u201d, com a confe\u00e7\u00e3o de doces criativos. As alunas, Carolina Bail\u00e3o, Matilde Alexandre e Rita Ferreira, do 10.\u00ba ano foram as vencedoras. Os alunos tamb\u00e9m foram presenteados com os diplomas de participa\u00e7\u00e3o no Desafio Internacional de Pensamento Computacional &#8211; 6.\u00aa edi\u00e7\u00e3o &#8211; Desafio Bebras 2024.<\/p>\n<p>&nbsp;<\/p>\n<p>Vencedores da 1.\u00aa Edi\u00e7\u00e3o do concurso \u201cAo Sabor da Matem\u00e1tica\u201d<\/p>\n<table style=\"border-collapse: collapse; width: 100%;\">\n<tbody>\n<tr>\n<td style=\"width: 50%; text-align: center;\"><strong>1\u00ba pr\u00e9mio<\/strong><\/td>\n<td style=\"width: 50%; text-align: center;\"><strong>2\u00ba e 3\u00ba pr\u00e9mios<\/strong><\/td>\n<\/tr>\n<tr>\n<td style=\"width: 50%;\"><img decoding=\"async\" src=\"https:\/\/www.aemora.pt\/wp-content\/uploads\/2025\/03\/1_premio-scaled.jpg\" alt=\"\" \/><\/td>\n<td style=\"width: 50%;\"><img decoding=\"async\" src=\"https:\/\/www.aemora.pt\/wp-content\/uploads\/2025\/03\/2_premio-scaled.jpg\" alt=\"\" \/><\/td>\n<\/tr>\n<\/tbody>\n<\/table>\n<p><img decoding=\"async\" src=\"https:\/\/www.aemora.pt\/wp-content\/uploads\/2025\/03\/3.jpg\" alt=\"\" \/><\/p>\n<p><img decoding=\"async\" class=\"alignnone size-medium wp-image-80349\" src=\"https:\/\/www.aemora.pt\/wp-content\/uploads\/2025\/03\/4-300x225.jpg\" alt=\"\" width=\"300\" height=\"225\" srcset=\"https:\/\/www.aemora.pt\/wp-content\/uploads\/2025\/03\/4-300x225.jpg 300w, https:\/\/www.aemora.pt\/wp-content\/uploads\/2025\/03\/4-1024x768.jpg 1024w, https:\/\/www.aemora.pt\/wp-content\/uploads\/2025\/03\/4-768x576.jpg 768w, https:\/\/www.aemora.pt\/wp-content\/uploads\/2025\/03\/4-1536x1152.jpg 1536w, https:\/\/www.aemora.pt\/wp-content\/uploads\/2025\/03\/4-2048x1536.jpg 2048w\" sizes=\"(max-width: 300px) 100vw, 300px\" \/> <img decoding=\"async\" class=\"alignnone size-medium wp-image-80350\" src=\"https:\/\/www.aemora.pt\/wp-content\/uploads\/2025\/03\/5-225x300.jpg\" alt=\"\" width=\"225\" height=\"300\" srcset=\"https:\/\/www.aemora.pt\/wp-content\/uploads\/2025\/03\/5-225x300.jpg 225w, https:\/\/www.aemora.pt\/wp-content\/uploads\/2025\/03\/5-768x1024.jpg 768w, https:\/\/www.aemora.pt\/wp-content\/uploads\/2025\/03\/5-1152x1536.jpg 1152w, https:\/\/www.aemora.pt\/wp-content\/uploads\/2025\/03\/5-1536x2048.jpg 1536w, https:\/\/www.aemora.pt\/wp-content\/uploads\/2025\/03\/5-scaled.jpg 1920w\" sizes=\"(max-width: 225px) 100vw, 225px\" \/> <img loading=\"lazy\" decoding=\"async\" class=\"alignnone size-medium wp-image-80351\" src=\"https:\/\/www.aemora.pt\/wp-content\/uploads\/2025\/03\/6-300x225.jpg\" alt=\"\" width=\"300\" height=\"225\" srcset=\"https:\/\/www.aemora.pt\/wp-content\/uploads\/2025\/03\/6-300x225.jpg 300w, https:\/\/www.aemora.pt\/wp-content\/uploads\/2025\/03\/6-1024x768.jpg 1024w, https:\/\/www.aemora.pt\/wp-content\/uploads\/2025\/03\/6-768x576.jpg 768w, https:\/\/www.aemora.pt\/wp-content\/uploads\/2025\/03\/6-1536x1152.jpg 1536w, https:\/\/www.aemora.pt\/wp-content\/uploads\/2025\/03\/6-2048x1536.jpg 2048w\" sizes=\"(max-width: 300px) 100vw, 300px\" \/> <img loading=\"lazy\" decoding=\"async\" class=\"alignnone size-medium wp-image-80355\" src=\"https:\/\/www.aemora.pt\/wp-content\/uploads\/2025\/03\/10-300x225.jpg\" alt=\"\" width=\"300\" height=\"225\" srcset=\"https:\/\/www.aemora.pt\/wp-content\/uploads\/2025\/03\/10-300x225.jpg 300w, https:\/\/www.aemora.pt\/wp-content\/uploads\/2025\/03\/10-1024x768.jpg 1024w, https:\/\/www.aemora.pt\/wp-content\/uploads\/2025\/03\/10-768x576.jpg 768w, https:\/\/www.aemora.pt\/wp-content\/uploads\/2025\/03\/10-1536x1152.jpg 1536w, https:\/\/www.aemora.pt\/wp-content\/uploads\/2025\/03\/10-2048x1536.jpg 2048w\" sizes=\"(max-width: 300px) 100vw, 300px\" \/> <img loading=\"lazy\" decoding=\"async\" class=\"alignnone size-medium wp-image-80354\" src=\"https:\/\/www.aemora.pt\/wp-content\/uploads\/2025\/03\/9-300x225.jpg\" alt=\"\" width=\"300\" height=\"225\" srcset=\"https:\/\/www.aemora.pt\/wp-content\/uploads\/2025\/03\/9-300x225.jpg 300w, https:\/\/www.aemora.pt\/wp-content\/uploads\/2025\/03\/9-1024x768.jpg 1024w, https:\/\/www.aemora.pt\/wp-content\/uploads\/2025\/03\/9-768x576.jpg 768w, https:\/\/www.aemora.pt\/wp-content\/uploads\/2025\/03\/9-1536x1152.jpg 1536w, https:\/\/www.aemora.pt\/wp-content\/uploads\/2025\/03\/9-2048x1536.jpg 2048w\" sizes=\"(max-width: 300px) 100vw, 300px\" \/> <img loading=\"lazy\" decoding=\"async\" class=\"alignnone size-medium wp-image-80353\" src=\"https:\/\/www.aemora.pt\/wp-content\/uploads\/2025\/03\/8-225x300.jpg\" alt=\"\" width=\"225\" height=\"300\" srcset=\"https:\/\/www.aemora.pt\/wp-content\/uploads\/2025\/03\/8-225x300.jpg 225w, https:\/\/www.aemora.pt\/wp-content\/uploads\/2025\/03\/8-768x1024.jpg 768w, https:\/\/www.aemora.pt\/wp-content\/uploads\/2025\/03\/8-1152x1536.jpg 1152w, https:\/\/www.aemora.pt\/wp-content\/uploads\/2025\/03\/8-1536x2048.jpg 1536w, https:\/\/www.aemora.pt\/wp-content\/uploads\/2025\/03\/8-scaled.jpg 1920w\" sizes=\"(max-width: 225px) 100vw, 225px\" \/> <img loading=\"lazy\" decoding=\"async\" class=\"alignnone size-medium wp-image-80352\" src=\"https:\/\/www.aemora.pt\/wp-content\/uploads\/2025\/03\/7-300x135.jpg\" alt=\"\" width=\"300\" height=\"135\" srcset=\"https:\/\/www.aemora.pt\/wp-content\/uploads\/2025\/03\/7-300x135.jpg 300w, https:\/\/www.aemora.pt\/wp-content\/uploads\/2025\/03\/7-1024x461.jpg 1024w, https:\/\/www.aemora.pt\/wp-content\/uploads\/2025\/03\/7-768x346.jpg 768w, https:\/\/www.aemora.pt\/wp-content\/uploads\/2025\/03\/7-1536x691.jpg 1536w, https:\/\/www.aemora.pt\/wp-content\/uploads\/2025\/03\/7.jpg 1600w\" sizes=\"(max-width: 300px) 100vw, 300px\" \/><\/p>\n<p>&nbsp;<\/p>\n","protected":false},"excerpt":{"rendered":"<p>&nbsp; No passado dia 14 de mar\u00e7o, o Agrupamento de Escolas de Mora comemorou o Dia Internacional da Matem\u00e1tica, com o mote \u201dMatem\u00e1tica, Arte e&hellip;<\/p>\n","protected":false},"author":5,"featured_media":0,"comment_status":"closed","ping_status":"closed","sticky":false,"template":"","format":"standard","meta":{"_EventAllDay":false,"_EventTimezone":"","_EventStartDate":"","_EventEndDate":"","_EventStartDateUTC":"","_EventEndDateUTC":"","_EventShowMap":false,"_EventShowMapLink":false,"_EventURL":"","_EventCost":"","_EventCostDescription":"","_EventCurrencySymbol":"","_EventCurrencyCode":"","_EventCurrencyPosition":"","_EventDateTimeSeparator":"","_EventTimeRangeSeparator":"","_EventOrganizerID":[],"_EventVenueID":[],"_OrganizerEmail":"","_OrganizerPhone":"","_OrganizerWebsite":"","_VenueAddress":"","_VenueCity":"","_VenueCountry":"","_VenueProvince":"","_VenueState":"","_VenueZip":"","_VenuePhone":"","_VenueURL":"","_VenueStateProvince":"","_VenueLat":"","_VenueLng":"","_VenueShowMap":false,"_VenueShowMapLink":false,"footnotes":""},"categories":[121,178],"tags":[],"class_list":["post-80344","post","type-post","status-publish","format-standard","hentry","category-agrupamento","category-dia-internacional-da-matematica"],"featured_image_url":[],"post_author":"Paulo Torres","assigned_categories":"Agrupamento, Dia Internacional da Matem\u00e1tica","_links":{"self":[{"href":"https:\/\/www.aemora.pt\/index.php?rest_route=\/wp\/v2\/posts\/80344","targetHints":{"allow":["GET"]}}],"collection":[{"href":"https:\/\/www.aemora.pt\/index.php?rest_route=\/wp\/v2\/posts"}],"about":[{"href":"https:\/\/www.aemora.pt\/index.php?rest_route=\/wp\/v2\/types\/post"}],"author":[{"embeddable":true,"href":"https:\/\/www.aemora.pt\/index.php?rest_route=\/wp\/v2\/users\/5"}],"replies":[{"embeddable":true,"href":"https:\/\/www.aemora.pt\/index.php?rest_route=%2Fwp%2Fv2%2Fcomments&post=80344"}],"version-history":[{"count":4,"href":"https:\/\/www.aemora.pt\/index.php?rest_route=\/wp\/v2\/posts\/80344\/revisions"}],"predecessor-version":[{"id":80386,"href":"https:\/\/www.aemora.pt\/index.php?rest_route=\/wp\/v2\/posts\/80344\/revisions\/80386"}],"wp:attachment":[{"href":"https:\/\/www.aemora.pt\/index.php?rest_route=%2Fwp%2Fv2%2Fmedia&parent=80344"}],"wp:term":[{"taxonomy":"category","embeddable":true,"href":"https:\/\/www.aemora.pt\/index.php?rest_route=%2Fwp%2Fv2%2Fcategories&post=80344"},{"taxonomy":"post_tag","embeddable":true,"href":"https:\/\/www.aemora.pt\/index.php?rest_route=%2Fwp%2Fv2%2Ftags&post=80344"}],"curies":[{"name":"wp","href":"https:\/\/api.w.org\/{rel}","templated":true}]}}