{"id":80383,"date":"2025-03-25T21:05:54","date_gmt":"2025-03-25T20:05:54","guid":{"rendered":"https:\/\/www.aemora.pt\/?p=80383"},"modified":"2025-03-25T21:14:54","modified_gmt":"2025-03-25T20:14:54","slug":"despacho-n-o-3640-a-2025","status":"publish","type":"post","link":"https:\/\/www.aemora.pt\/?p=80383","title":{"rendered":"Despacho n.\u00ba 3640-A\/2025"},"content":{"rendered":"<p>&nbsp;<\/p>\n<p><strong>Define o calend\u00e1rio das matr\u00edculas e respetivas renova\u00e7\u00f5es, bem como dos prazos que destes dependam, para a educa\u00e7\u00e3o pr\u00e9-escolar e os ensinos b\u00e1sico e secund\u00e1rio.<\/strong><\/p>\n<p>&nbsp;<\/p>\n<p>O per\u00edodo normal de matr\u00edcula e sua renova\u00e7\u00e3o \u00e9 fixado:<\/p>\n<p>&nbsp;<\/p>\n<p>a) Entre 22 de abril e 31 de maio, para a educa\u00e7\u00e3o pr\u00e9-escolar e para o 1\u00ba ano do ensino b\u00e1sico;<\/p>\n<p>b) Entre 16 de junho e 27 de junho, para os 6.\u00ba, 7.\u00ba, 8.\u00ba, 9.\u00ba e 11.\u00ba anos de escolaridade;<\/p>\n<p>c) Entre 1 de julho e 11 de julho, para os 2.\u00ba, 3.\u00ba, 4\u00ba e 5.\u00ba anos dos ensino b\u00e1sico;<\/p>\n<p>d) Entre 15 de julho e 22 de julho, para os 10.\u00ba e 12.\u00ba anos do ensino secund\u00e1rio.<\/p>\n","protected":false},"excerpt":{"rendered":"<p>&nbsp; Define o calend\u00e1rio das matr\u00edculas e respetivas renova\u00e7\u00f5es, bem como dos prazos que destes dependam, para a educa\u00e7\u00e3o pr\u00e9-escolar e os ensinos b\u00e1sico e&hellip;<\/p>\n","protected":false},"author":5,"featured_media":0,"comment_status":"closed","ping_status":"closed","sticky":false,"template":"","format":"standard","meta":{"_EventAllDay":false,"_EventTimezone":"","_EventStartDate":"","_EventEndDate":"","_EventStartDateUTC":"","_EventEndDateUTC":"","_EventShowMap":false,"_EventShowMapLink":false,"_EventURL":"","_EventCost":"","_EventCostDescription":"","_EventCurrencySymbol":"","_EventCurrencyCode":"","_EventCurrencyPosition":"","_EventDateTimeSeparator":"","_EventTimeRangeSeparator":"","_EventOrganizerID":[],"_EventVenueID":[],"_OrganizerEmail":"","_OrganizerPhone":"","_OrganizerWebsite":"","_VenueAddress":"","_VenueCity":"","_VenueCountry":"","_VenueProvince":"","_VenueState":"","_VenueZip":"","_VenuePhone":"","_VenueURL":"","_VenueStateProvince":"","_VenueLat":"","_VenueLng":"","_VenueShowMap":false,"_VenueShowMapLink":false,"footnotes":""},"categories":[121],"tags":[],"class_list":["post-80383","post","type-post","status-publish","format-standard","hentry","category-agrupamento"],"featured_image_url":[],"post_author":"Paulo Torres","assigned_categories":"Agrupamento","_links":{"self":[{"href":"https:\/\/www.aemora.pt\/index.php?rest_route=\/wp\/v2\/posts\/80383","targetHints":{"allow":["GET"]}}],"collection":[{"href":"https:\/\/www.aemora.pt\/index.php?rest_route=\/wp\/v2\/posts"}],"about":[{"href":"https:\/\/www.aemora.pt\/index.php?rest_route=\/wp\/v2\/types\/post"}],"author":[{"embeddable":true,"href":"https:\/\/www.aemora.pt\/index.php?rest_route=\/wp\/v2\/users\/5"}],"replies":[{"embeddable":true,"href":"https:\/\/www.aemora.pt\/index.php?rest_route=%2Fwp%2Fv2%2Fcomments&post=80383"}],"version-history":[{"count":3,"href":"https:\/\/www.aemora.pt\/index.php?rest_route=\/wp\/v2\/posts\/80383\/revisions"}],"predecessor-version":[{"id":80388,"href":"https:\/\/www.aemora.pt\/index.php?rest_route=\/wp\/v2\/posts\/80383\/revisions\/80388"}],"wp:attachment":[{"href":"https:\/\/www.aemora.pt\/index.php?rest_route=%2Fwp%2Fv2%2Fmedia&parent=80383"}],"wp:term":[{"taxonomy":"category","embeddable":true,"href":"https:\/\/www.aemora.pt\/index.php?rest_route=%2Fwp%2Fv2%2Fcategories&post=80383"},{"taxonomy":"post_tag","embeddable":true,"href":"https:\/\/www.aemora.pt\/index.php?rest_route=%2Fwp%2Fv2%2Ftags&post=80383"}],"curies":[{"name":"wp","href":"https:\/\/api.w.org\/{rel}","templated":true}]}}