{"id":80434,"date":"2025-03-28T20:45:20","date_gmt":"2025-03-28T19:45:20","guid":{"rendered":"https:\/\/www.aemora.pt\/?p=80434"},"modified":"2025-03-28T20:45:53","modified_gmt":"2025-03-28T19:45:53","slug":"recolha-solidaria-de-papel","status":"publish","type":"post","link":"https:\/\/www.aemora.pt\/?p=80434","title":{"rendered":"Recolha Solid\u00e1ria de Papel\u00a0"},"content":{"rendered":"<p>&nbsp;<\/p>\n<p style=\"text-align: justify;\"><span data-olk-copy-source=\"MessageBody\">A campanha de recolha de papel, dinamizada pela Equipa da Biblioteca, com a colabora\u00e7\u00e3o do Eco-Escolas e do Curso Profissional, ir\u00e1 prolongar -se at\u00e9 final de abril! Aproveita\u00a0 as f\u00e9rias da P\u00e1scoa para arrumar, organizar e ajudar quem mais precisa!\u00a0<\/span><\/p>\n<p><img fetchpriority=\"high\" decoding=\"async\" class=\"size-medium wp-image-80436\" src=\"https:\/\/www.aemora.pt\/wp-content\/uploads\/2025\/03\/IMG_20250328_1611271-300x192.jpg\" alt=\"\" width=\"300\" height=\"192\" srcset=\"https:\/\/www.aemora.pt\/wp-content\/uploads\/2025\/03\/IMG_20250328_1611271-300x192.jpg 300w, https:\/\/www.aemora.pt\/wp-content\/uploads\/2025\/03\/IMG_20250328_1611271-1024x656.jpg 1024w, https:\/\/www.aemora.pt\/wp-content\/uploads\/2025\/03\/IMG_20250328_1611271-768x492.jpg 768w, https:\/\/www.aemora.pt\/wp-content\/uploads\/2025\/03\/IMG_20250328_1611271.jpg 1465w\" sizes=\"(max-width: 300px) 100vw, 300px\" \/><\/p>\n","protected":false},"excerpt":{"rendered":"<p>&nbsp; A campanha de recolha de papel, dinamizada pela Equipa da Biblioteca, com a colabora\u00e7\u00e3o do Eco-Escolas e do Curso Profissional, ir\u00e1 prolongar -se at\u00e9&hellip;<\/p>\n","protected":false},"author":5,"featured_media":0,"comment_status":"closed","ping_status":"closed","sticky":false,"template":"","format":"standard","meta":{"_EventAllDay":false,"_EventTimezone":"","_EventStartDate":"","_EventEndDate":"","_EventStartDateUTC":"","_EventEndDateUTC":"","_EventShowMap":false,"_EventShowMapLink":false,"_EventURL":"","_EventCost":"","_EventCostDescription":"","_EventCurrencySymbol":"","_EventCurrencyCode":"","_EventCurrencyPosition":"","_EventDateTimeSeparator":"","_EventTimeRangeSeparator":"","_EventOrganizerID":[],"_EventVenueID":[],"_OrganizerEmail":"","_OrganizerPhone":"","_OrganizerWebsite":"","_VenueAddress":"","_VenueCity":"","_VenueCountry":"","_VenueProvince":"","_VenueState":"","_VenueZip":"","_VenuePhone":"","_VenueURL":"","_VenueStateProvince":"","_VenueLat":"","_VenueLng":"","_VenueShowMap":false,"_VenueShowMapLink":false,"footnotes":""},"categories":[121],"tags":[],"class_list":["post-80434","post","type-post","status-publish","format-standard","hentry","category-agrupamento"],"featured_image_url":[],"post_author":"Paulo Torres","assigned_categories":"Agrupamento","_links":{"self":[{"href":"https:\/\/www.aemora.pt\/index.php?rest_route=\/wp\/v2\/posts\/80434","targetHints":{"allow":["GET"]}}],"collection":[{"href":"https:\/\/www.aemora.pt\/index.php?rest_route=\/wp\/v2\/posts"}],"about":[{"href":"https:\/\/www.aemora.pt\/index.php?rest_route=\/wp\/v2\/types\/post"}],"author":[{"embeddable":true,"href":"https:\/\/www.aemora.pt\/index.php?rest_route=\/wp\/v2\/users\/5"}],"replies":[{"embeddable":true,"href":"https:\/\/www.aemora.pt\/index.php?rest_route=%2Fwp%2Fv2%2Fcomments&post=80434"}],"version-history":[{"count":1,"href":"https:\/\/www.aemora.pt\/index.php?rest_route=\/wp\/v2\/posts\/80434\/revisions"}],"predecessor-version":[{"id":80437,"href":"https:\/\/www.aemora.pt\/index.php?rest_route=\/wp\/v2\/posts\/80434\/revisions\/80437"}],"wp:attachment":[{"href":"https:\/\/www.aemora.pt\/index.php?rest_route=%2Fwp%2Fv2%2Fmedia&parent=80434"}],"wp:term":[{"taxonomy":"category","embeddable":true,"href":"https:\/\/www.aemora.pt\/index.php?rest_route=%2Fwp%2Fv2%2Fcategories&post=80434"},{"taxonomy":"post_tag","embeddable":true,"href":"https:\/\/www.aemora.pt\/index.php?rest_route=%2Fwp%2Fv2%2Ftags&post=80434"}],"curies":[{"name":"wp","href":"https:\/\/api.w.org\/{rel}","templated":true}]}}