{"id":80459,"date":"2025-04-01T16:20:25","date_gmt":"2025-04-01T15:20:25","guid":{"rendered":"https:\/\/www.aemora.pt\/?p=80459"},"modified":"2025-04-01T16:31:37","modified_gmt":"2025-04-01T15:31:37","slug":"agrupamento-de-escolas-mora-aderiu-ao-projeto-castelos-de-risco","status":"publish","type":"post","link":"https:\/\/www.aemora.pt\/?p=80459","title":{"rendered":"AE de Mora\u00a0Aderiu ao Projeto \u201cCastelos de Risco\u201d"},"content":{"rendered":"\t\t<div data-elementor-type=\"wp-post\" data-elementor-id=\"80459\" class=\"elementor elementor-80459\" data-elementor-post-type=\"post\">\n\t\t\t\t<div class=\"elementor-element elementor-element-1dcebbc0 e-flex e-con-boxed e-con e-parent\" data-id=\"1dcebbc0\" data-element_type=\"container\" data-e-type=\"container\">\n\t\t\t\t\t<div class=\"e-con-inner\">\n\t\t\t\t<div class=\"elementor-element elementor-element-36f0d0f1 elementor-widget elementor-widget-text-editor\" data-id=\"36f0d0f1\" data-element_type=\"widget\" data-e-type=\"widget\" data-widget_type=\"text-editor.default\">\n\t\t\t\t<div class=\"elementor-widget-container\">\n\t\t\t\t\t\t\t\t\t<div class=\"x_elementToProof\" style=\"text-align: justify;\" data-olk-copy-source=\"MessageBody\"><span style=\"font-family: var( --e-global-typography-text-font-family ), Sans-serif; font-weight: var( --e-global-typography-text-font-weight ); font-size: 1rem;\"><br><\/span><\/div><div class=\"x_elementToProof\" style=\"text-align: justify;\" data-olk-copy-source=\"MessageBody\"><span style=\"font-family: var( --e-global-typography-text-font-family ), Sans-serif; font-weight: var( --e-global-typography-text-font-weight ); font-size: 1rem;\">A C\u00e2mara Municipal de Mora&nbsp; associou-se \u00e0 Associa\u00e7\u00e3o Arisco e ao CRI \u2013 Centro de Respostas Integradas do Alentejo Central para, em parceria com o Agrupamento de Escolas implementar o projeto \u201cCastelos de Risco\u201d<\/span><\/div>\n<div class=\"x_elementToProof\" style=\"text-align: justify;\">Reconhecendo a import\u00e2ncia de mobilizar os jovens para a ado\u00e7\u00e3o de comportamentos assertivos, a Autarquia e o Agrupamento de Escolas incorporaram conjuntamente o Projeto \u201cCastelos de Risco\u201d, est\u00e3o tamb\u00e9m envolvidos os concelhos de Estremoz, Borba, Vila Vi\u00e7osa, Mour\u00e3o, \u00c9vora e Montemor-o-Novo.<\/div>\n<div class=\"x_elementToProof\" style=\"text-align: justify;\">\u00c9 um projeto educativo destinado a docentes, n\u00e3o-docentes e t\u00e9cnicos que desempenham fun\u00e7\u00f5es na \u00e1rea da Educa\u00e7\u00e3o.<\/div>\n<div class=\"x_elementToProof\" style=\"text-align: justify;\">\u201c<b>Castelos de Risco<\/b>\u201d \u00e9 um programa de desenvolvimento de compet\u00eancias pessoais e sociais, que aborda a diferen\u00e7a entre o perigo que deve ser evitado e o risco que deve ser vivido, atrav\u00e9s da utiliza\u00e7\u00e3o de jogos de din\u00e2mica de grupo como ferramenta de interven\u00e7\u00e3o junto de jovens com idades compreendidas entre os 12 e os 18 anos.<\/div>\n<div class=\"x_elementToProof\" style=\"text-align: justify;\">Atrav\u00e9s da metodologia A\u00e7\u00e3o-Reflex\u00e3o-A\u00e7\u00e3o, esta Oficina de Forma\u00e7\u00e3o desenvolve cinco temas, sendo o \u00faltimo designado \u201cA Conquista do Castelo\u201d, a desenvolver na pr\u00e1tica com grupos de jovens. Objetivamente, os jovens participantes s\u00e3o estimulados para trabalharem em equipa e vencerem os desafios que lhes s\u00e3o propostos, ao mesmo tempo que se combate a solid\u00e3o, se evitam comportamentos aditivos e se ganha autoestima.<\/div>\n<div>&nbsp;<\/div>\n<div><img fetchpriority=\"high\" decoding=\"async\" class=\"alignnone wp-image-80463\" src=\"https:\/\/www.aemora.pt\/wp-content\/uploads\/2025\/04\/IMG-20250327-WA0079-300x225.jpg\" alt=\"\" width=\"386\" height=\"290\" srcset=\"https:\/\/www.aemora.pt\/wp-content\/uploads\/2025\/04\/IMG-20250327-WA0079-300x225.jpg 300w, https:\/\/www.aemora.pt\/wp-content\/uploads\/2025\/04\/IMG-20250327-WA0079-1024x768.jpg 1024w, https:\/\/www.aemora.pt\/wp-content\/uploads\/2025\/04\/IMG-20250327-WA0079-768x576.jpg 768w, https:\/\/www.aemora.pt\/wp-content\/uploads\/2025\/04\/IMG-20250327-WA0079-1536x1152.jpg 1536w, https:\/\/www.aemora.pt\/wp-content\/uploads\/2025\/04\/IMG-20250327-WA0079.jpg 1600w\" sizes=\"(max-width: 386px) 100vw, 386px\" \/><img decoding=\"async\" class=\"alignnone wp-image-80460\" src=\"https:\/\/www.aemora.pt\/wp-content\/uploads\/2025\/04\/IMG-20250307-WA0016-300x300.jpg\" alt=\"\" width=\"284\" height=\"284\" srcset=\"https:\/\/www.aemora.pt\/wp-content\/uploads\/2025\/04\/IMG-20250307-WA0016-300x300.jpg 300w, https:\/\/www.aemora.pt\/wp-content\/uploads\/2025\/04\/IMG-20250307-WA0016-1024x1024.jpg 1024w, https:\/\/www.aemora.pt\/wp-content\/uploads\/2025\/04\/IMG-20250307-WA0016-150x150.jpg 150w, https:\/\/www.aemora.pt\/wp-content\/uploads\/2025\/04\/IMG-20250307-WA0016-768x768.jpg 768w, https:\/\/www.aemora.pt\/wp-content\/uploads\/2025\/04\/IMG-20250307-WA0016.jpg 1496w\" sizes=\"(max-width: 284px) 100vw, 284px\" \/> <img decoding=\"async\" class=\"alignnone wp-image-80461\" src=\"https:\/\/www.aemora.pt\/wp-content\/uploads\/2025\/04\/IMG-20250307-WA0018-300x300.jpg\" alt=\"\" width=\"287\" height=\"287\" srcset=\"https:\/\/www.aemora.pt\/wp-content\/uploads\/2025\/04\/IMG-20250307-WA0018-300x300.jpg 300w, https:\/\/www.aemora.pt\/wp-content\/uploads\/2025\/04\/IMG-20250307-WA0018-1024x1024.jpg 1024w, https:\/\/www.aemora.pt\/wp-content\/uploads\/2025\/04\/IMG-20250307-WA0018-150x150.jpg 150w, https:\/\/www.aemora.pt\/wp-content\/uploads\/2025\/04\/IMG-20250307-WA0018-768x768.jpg 768w, https:\/\/www.aemora.pt\/wp-content\/uploads\/2025\/04\/IMG-20250307-WA0018.jpg 1496w\" sizes=\"(max-width: 287px) 100vw, 287px\" \/> <img loading=\"lazy\" decoding=\"async\" class=\"alignnone size-medium wp-image-80462\" src=\"https:\/\/www.aemora.pt\/wp-content\/uploads\/2025\/04\/IMG-20250327-WA0062-300x178.jpg\" alt=\"\" width=\"300\" height=\"178\" srcset=\"https:\/\/www.aemora.pt\/wp-content\/uploads\/2025\/04\/IMG-20250327-WA0062-300x178.jpg 300w, https:\/\/www.aemora.pt\/wp-content\/uploads\/2025\/04\/IMG-20250327-WA0062-1024x609.jpg 1024w, https:\/\/www.aemora.pt\/wp-content\/uploads\/2025\/04\/IMG-20250327-WA0062-768x456.jpg 768w, https:\/\/www.aemora.pt\/wp-content\/uploads\/2025\/04\/IMG-20250327-WA0062-1536x913.jpg 1536w, https:\/\/www.aemora.pt\/wp-content\/uploads\/2025\/04\/IMG-20250327-WA0062.jpg 2048w\" sizes=\"(max-width: 300px) 100vw, 300px\" \/><\/div>\t\t\t\t\t\t\t\t<\/div>\n\t\t\t\t<\/div>\n\t\t\t\t\t<\/div>\n\t\t\t\t<\/div>\n\t\t\t\t<\/div>\n\t\t","protected":false},"excerpt":{"rendered":"<p>A C\u00e2mara Municipal de Mora&nbsp; associou-se \u00e0 Associa\u00e7\u00e3o Arisco e ao CRI \u2013 Centro de Respostas Integradas do Alentejo Central para, em parceria com o&hellip;<\/p>\n","protected":false},"author":5,"featured_media":0,"comment_status":"closed","ping_status":"closed","sticky":false,"template":"","format":"standard","meta":{"_EventAllDay":false,"_EventTimezone":"","_EventStartDate":"","_EventEndDate":"","_EventStartDateUTC":"","_EventEndDateUTC":"","_EventShowMap":false,"_EventShowMapLink":false,"_EventURL":"","_EventCost":"","_EventCostDescription":"","_EventCurrencySymbol":"","_EventCurrencyCode":"","_EventCurrencyPosition":"","_EventDateTimeSeparator":"","_EventTimeRangeSeparator":"","_EventOrganizerID":[],"_EventVenueID":[],"_OrganizerEmail":"","_OrganizerPhone":"","_OrganizerWebsite":"","_VenueAddress":"","_VenueCity":"","_VenueCountry":"","_VenueProvince":"","_VenueState":"","_VenueZip":"","_VenuePhone":"","_VenueURL":"","_VenueStateProvince":"","_VenueLat":"","_VenueLng":"","_VenueShowMap":false,"_VenueShowMapLink":false,"footnotes":""},"categories":[121],"tags":[],"class_list":["post-80459","post","type-post","status-publish","format-standard","hentry","category-agrupamento"],"featured_image_url":[],"post_author":"Paulo Torres","assigned_categories":"Agrupamento","_links":{"self":[{"href":"https:\/\/www.aemora.pt\/index.php?rest_route=\/wp\/v2\/posts\/80459","targetHints":{"allow":["GET"]}}],"collection":[{"href":"https:\/\/www.aemora.pt\/index.php?rest_route=\/wp\/v2\/posts"}],"about":[{"href":"https:\/\/www.aemora.pt\/index.php?rest_route=\/wp\/v2\/types\/post"}],"author":[{"embeddable":true,"href":"https:\/\/www.aemora.pt\/index.php?rest_route=\/wp\/v2\/users\/5"}],"replies":[{"embeddable":true,"href":"https:\/\/www.aemora.pt\/index.php?rest_route=%2Fwp%2Fv2%2Fcomments&post=80459"}],"version-history":[{"count":8,"href":"https:\/\/www.aemora.pt\/index.php?rest_route=\/wp\/v2\/posts\/80459\/revisions"}],"predecessor-version":[{"id":80473,"href":"https:\/\/www.aemora.pt\/index.php?rest_route=\/wp\/v2\/posts\/80459\/revisions\/80473"}],"wp:attachment":[{"href":"https:\/\/www.aemora.pt\/index.php?rest_route=%2Fwp%2Fv2%2Fmedia&parent=80459"}],"wp:term":[{"taxonomy":"category","embeddable":true,"href":"https:\/\/www.aemora.pt\/index.php?rest_route=%2Fwp%2Fv2%2Fcategories&post=80459"},{"taxonomy":"post_tag","embeddable":true,"href":"https:\/\/www.aemora.pt\/index.php?rest_route=%2Fwp%2Fv2%2Ftags&post=80459"}],"curies":[{"name":"wp","href":"https:\/\/api.w.org\/{rel}","templated":true}]}}