{"id":80590,"date":"2025-04-24T08:35:48","date_gmt":"2025-04-24T07:35:48","guid":{"rendered":"https:\/\/www.aemora.pt\/?p=80590"},"modified":"2025-04-24T08:38:07","modified_gmt":"2025-04-24T07:38:07","slug":"elementor-80590","status":"publish","type":"post","link":"https:\/\/www.aemora.pt\/?p=80590","title":{"rendered":"Re(Conhecer) a Neurodiverg\u00eancia com a Dr\u00aa. Salom\u00e9 Ratinho"},"content":{"rendered":"\t\t<div data-elementor-type=\"wp-post\" data-elementor-id=\"80590\" class=\"elementor elementor-80590\" data-elementor-post-type=\"post\">\n\t\t\t\t<div class=\"elementor-element elementor-element-09e4ac8 e-flex e-con-boxed e-con e-parent\" data-id=\"09e4ac8\" data-element_type=\"container\" data-e-type=\"container\">\n\t\t\t\t\t<div class=\"e-con-inner\">\n\t\t\t\t<div class=\"elementor-element elementor-element-2996fc7 elementor-widget-divider--view-line elementor-widget elementor-widget-divider\" data-id=\"2996fc7\" data-element_type=\"widget\" data-e-type=\"widget\" data-widget_type=\"divider.default\">\n\t\t\t\t<div class=\"elementor-widget-container\">\n\t\t\t\t\t\t\t<div class=\"elementor-divider\">\n\t\t\t<span class=\"elementor-divider-separator\">\n\t\t\t\t\t\t<\/span>\n\t\t<\/div>\n\t\t\t\t\t\t<\/div>\n\t\t\t\t<\/div>\n\t\t\t\t<div class=\"elementor-element elementor-element-271cb4b elementor-widget elementor-widget-heading\" data-id=\"271cb4b\" data-element_type=\"widget\" data-e-type=\"widget\" data-widget_type=\"heading.default\">\n\t\t\t\t<div class=\"elementor-widget-container\">\n\t\t\t\t\t<h2 class=\"elementor-heading-title elementor-size-default\">Re(Conhecer) a Neurodiverg\u00eancia com a Dr\u00aa. Salom\u00e9 Ratinho<\/h2>\t\t\t\t<\/div>\n\t\t\t\t<\/div>\n\t\t\t\t\t<\/div>\n\t\t\t\t<\/div>\n\t\t<div class=\"elementor-element elementor-element-b901904 e-flex e-con-boxed e-con e-parent\" data-id=\"b901904\" data-element_type=\"container\" data-e-type=\"container\">\n\t\t\t\t\t<div class=\"e-con-inner\">\n\t\t\t\t<div class=\"elementor-element elementor-element-3943b7f elementor-widget-divider--view-line elementor-widget elementor-widget-divider\" data-id=\"3943b7f\" data-element_type=\"widget\" data-e-type=\"widget\" data-widget_type=\"divider.default\">\n\t\t\t\t<div class=\"elementor-widget-container\">\n\t\t\t\t\t\t\t<div class=\"elementor-divider\">\n\t\t\t<span class=\"elementor-divider-separator\">\n\t\t\t\t\t\t<\/span>\n\t\t<\/div>\n\t\t\t\t\t\t<\/div>\n\t\t\t\t<\/div>\n\t\t\t\t<div class=\"elementor-element elementor-element-028307d elementor-widget elementor-widget-text-editor\" data-id=\"028307d\" data-element_type=\"widget\" data-e-type=\"widget\" data-widget_type=\"text-editor.default\">\n\t\t\t\t<div class=\"elementor-widget-container\">\n\t\t\t\t\t\t\t\t\t<p><!--StartFragment--><span style=\"font-family: Aptos, Aptos_EmbeddedFont, Aptos_MSFontService, Calibri, Helvetica, sans-serif, serif, EmojiFont; font-size: 12pt; color: #000000;\" data-olk-copy-source=\"MessageBody\">Convidam-se todos os interessados a estarem presentes para a a\u00e7\u00e3o de sensibiliza\u00e7\u00e3o Re(Conhecer) a Neurodiverg\u00eancia com a oradora convidada Dr\u00aa. Salom\u00e9 Ratinho (Pedopsiquiatra), a realizar no dia 07 de maio. O hor\u00e1rio das sess\u00f5es encontra-se no cartaz.<\/span><!--EndFragment--><\/p>\t\t\t\t\t\t\t\t<\/div>\n\t\t\t\t<\/div>\n\t\t\t\t\t<\/div>\n\t\t\t\t<\/div>\n\t\t<div class=\"elementor-element elementor-element-4d72b19 e-flex e-con-boxed e-con e-parent\" data-id=\"4d72b19\" data-element_type=\"container\" data-e-type=\"container\">\n\t\t\t\t\t<div class=\"e-con-inner\">\n\t\t\t\t<div class=\"elementor-element elementor-element-06ce6ca elementor-widget elementor-widget-image\" data-id=\"06ce6ca\" data-element_type=\"widget\" data-e-type=\"widget\" data-widget_type=\"image.default\">\n\t\t\t\t<div class=\"elementor-widget-container\">\n\t\t\t\t\t\t\t\t\t\t\t\t\t\t\t<img fetchpriority=\"high\" decoding=\"async\" width=\"724\" height=\"1024\" src=\"https:\/\/www.aemora.pt\/wp-content\/uploads\/2025\/04\/ReConhecer-a-Neurodivergencia-png-724x1024.png\" class=\"attachment-large size-large wp-image-80591\" alt=\"\" srcset=\"https:\/\/www.aemora.pt\/wp-content\/uploads\/2025\/04\/ReConhecer-a-Neurodivergencia-png-724x1024.png 724w, https:\/\/www.aemora.pt\/wp-content\/uploads\/2025\/04\/ReConhecer-a-Neurodivergencia-png-212x300.png 212w, https:\/\/www.aemora.pt\/wp-content\/uploads\/2025\/04\/ReConhecer-a-Neurodivergencia-png-768x1086.png 768w, https:\/\/www.aemora.pt\/wp-content\/uploads\/2025\/04\/ReConhecer-a-Neurodivergencia-png-1086x1536.png 1086w, https:\/\/www.aemora.pt\/wp-content\/uploads\/2025\/04\/ReConhecer-a-Neurodivergencia-png.png 1414w\" sizes=\"(max-width: 724px) 100vw, 724px\" \/>\t\t\t\t\t\t\t\t\t\t\t\t\t\t\t<\/div>\n\t\t\t\t<\/div>\n\t\t\t\t\t<\/div>\n\t\t\t\t<\/div>\n\t\t\t\t<\/div>\n\t\t","protected":false},"excerpt":{"rendered":"<p>Re(Conhecer) a Neurodiverg\u00eancia com a Dr\u00aa. Salom\u00e9 Ratinho Convidam-se todos os interessados a estarem presentes para a a\u00e7\u00e3o de sensibiliza\u00e7\u00e3o Re(Conhecer) a Neurodiverg\u00eancia com a&hellip;<\/p>\n","protected":false},"author":5,"featured_media":0,"comment_status":"closed","ping_status":"closed","sticky":false,"template":"","format":"standard","meta":{"_EventAllDay":false,"_EventTimezone":"","_EventStartDate":"","_EventEndDate":"","_EventStartDateUTC":"","_EventEndDateUTC":"","_EventShowMap":false,"_EventShowMapLink":false,"_EventURL":"","_EventCost":"","_EventCostDescription":"","_EventCurrencySymbol":"","_EventCurrencyCode":"","_EventCurrencyPosition":"","_EventDateTimeSeparator":"","_EventTimeRangeSeparator":"","_EventOrganizerID":[],"_EventVenueID":[],"_OrganizerEmail":"","_OrganizerPhone":"","_OrganizerWebsite":"","_VenueAddress":"","_VenueCity":"","_VenueCountry":"","_VenueProvince":"","_VenueState":"","_VenueZip":"","_VenuePhone":"","_VenueURL":"","_VenueStateProvince":"","_VenueLat":"","_VenueLng":"","_VenueShowMap":false,"_VenueShowMapLink":false,"footnotes":""},"categories":[121],"tags":[],"class_list":["post-80590","post","type-post","status-publish","format-standard","hentry","category-agrupamento"],"featured_image_url":[],"post_author":"Paulo Torres","assigned_categories":"Agrupamento","_links":{"self":[{"href":"https:\/\/www.aemora.pt\/index.php?rest_route=\/wp\/v2\/posts\/80590","targetHints":{"allow":["GET"]}}],"collection":[{"href":"https:\/\/www.aemora.pt\/index.php?rest_route=\/wp\/v2\/posts"}],"about":[{"href":"https:\/\/www.aemora.pt\/index.php?rest_route=\/wp\/v2\/types\/post"}],"author":[{"embeddable":true,"href":"https:\/\/www.aemora.pt\/index.php?rest_route=\/wp\/v2\/users\/5"}],"replies":[{"embeddable":true,"href":"https:\/\/www.aemora.pt\/index.php?rest_route=%2Fwp%2Fv2%2Fcomments&post=80590"}],"version-history":[{"count":10,"href":"https:\/\/www.aemora.pt\/index.php?rest_route=\/wp\/v2\/posts\/80590\/revisions"}],"predecessor-version":[{"id":80601,"href":"https:\/\/www.aemora.pt\/index.php?rest_route=\/wp\/v2\/posts\/80590\/revisions\/80601"}],"wp:attachment":[{"href":"https:\/\/www.aemora.pt\/index.php?rest_route=%2Fwp%2Fv2%2Fmedia&parent=80590"}],"wp:term":[{"taxonomy":"category","embeddable":true,"href":"https:\/\/www.aemora.pt\/index.php?rest_route=%2Fwp%2Fv2%2Fcategories&post=80590"},{"taxonomy":"post_tag","embeddable":true,"href":"https:\/\/www.aemora.pt\/index.php?rest_route=%2Fwp%2Fv2%2Ftags&post=80590"}],"curies":[{"name":"wp","href":"https:\/\/api.w.org\/{rel}","templated":true}]}}