{"id":80602,"date":"2025-04-24T11:47:36","date_gmt":"2025-04-24T10:47:36","guid":{"rendered":"https:\/\/www.aemora.pt\/?p=80602"},"modified":"2025-04-24T11:48:45","modified_gmt":"2025-04-24T10:48:45","slug":"dia-mundial-da-terra","status":"publish","type":"post","link":"https:\/\/www.aemora.pt\/?p=80602","title":{"rendered":"Dia Mundial da Terra"},"content":{"rendered":"\t\t<div data-elementor-type=\"wp-post\" data-elementor-id=\"80602\" class=\"elementor elementor-80602\" data-elementor-post-type=\"post\">\n\t\t\t\t<div class=\"elementor-element elementor-element-b158672 e-flex e-con-boxed e-con e-parent\" data-id=\"b158672\" data-element_type=\"container\" data-e-type=\"container\">\n\t\t\t\t\t<div class=\"e-con-inner\">\n\t\t\t\t<div class=\"elementor-element elementor-element-4fc07a4 elementor-widget-divider--view-line elementor-widget elementor-widget-divider\" data-id=\"4fc07a4\" data-element_type=\"widget\" data-e-type=\"widget\" data-widget_type=\"divider.default\">\n\t\t\t\t<div class=\"elementor-widget-container\">\n\t\t\t\t\t\t\t<div class=\"elementor-divider\">\n\t\t\t<span class=\"elementor-divider-separator\">\n\t\t\t\t\t\t<\/span>\n\t\t<\/div>\n\t\t\t\t\t\t<\/div>\n\t\t\t\t<\/div>\n\t\t\t\t\t<\/div>\n\t\t\t\t<\/div>\n\t\t<div class=\"elementor-element elementor-element-f12fd9b e-flex e-con-boxed e-con e-parent\" data-id=\"f12fd9b\" data-element_type=\"container\" data-e-type=\"container\">\n\t\t\t\t\t<div class=\"e-con-inner\">\n\t\t\t\t<div class=\"elementor-element elementor-element-10cc821 elementor-widget elementor-widget-heading\" data-id=\"10cc821\" data-element_type=\"widget\" data-e-type=\"widget\" data-widget_type=\"heading.default\">\n\t\t\t\t<div class=\"elementor-widget-container\">\n\t\t\t\t\t<h2 class=\"elementor-heading-title elementor-size-default\">Dia Mundial da Terra<\/h2>\t\t\t\t<\/div>\n\t\t\t\t<\/div>\n\t\t\t\t\t<\/div>\n\t\t\t\t<\/div>\n\t\t<div class=\"elementor-element elementor-element-8570f20 e-flex e-con-boxed e-con e-parent\" data-id=\"8570f20\" data-element_type=\"container\" data-e-type=\"container\">\n\t\t\t\t\t<div class=\"e-con-inner\">\n\t\t\t\t<div class=\"elementor-element elementor-element-9395cd0 elementor-widget-divider--view-line elementor-widget elementor-widget-divider\" data-id=\"9395cd0\" data-element_type=\"widget\" data-e-type=\"widget\" data-widget_type=\"divider.default\">\n\t\t\t\t<div class=\"elementor-widget-container\">\n\t\t\t\t\t\t\t<div class=\"elementor-divider\">\n\t\t\t<span class=\"elementor-divider-separator\">\n\t\t\t\t\t\t<\/span>\n\t\t<\/div>\n\t\t\t\t\t\t<\/div>\n\t\t\t\t<\/div>\n\t\t\t\t\t<\/div>\n\t\t\t\t<\/div>\n\t\t<div class=\"elementor-element elementor-element-34e6695 e-flex e-con-boxed e-con e-parent\" data-id=\"34e6695\" data-element_type=\"container\" data-e-type=\"container\">\n\t\t\t\t\t<div class=\"e-con-inner\">\n\t\t\t\t<div class=\"elementor-element elementor-element-0f1dc96 elementor-widget elementor-widget-text-editor\" data-id=\"0f1dc96\" data-element_type=\"widget\" data-e-type=\"widget\" data-widget_type=\"text-editor.default\">\n\t\t\t\t<div class=\"elementor-widget-container\">\n\t\t\t\t\t\t\t\t\t<p style=\"color: #000000; font-family: 'Times New Roman'; font-size: medium;\">No \u00e2mbito da celebra\u00e7\u00e3o do Dia Mundial da Terra, assinalado a 22 de abril, o Agrupamento de Escolas de Mora dinamizou v\u00e1rias atividades pedag\u00f3gicas nas aulas de Ci\u00eancias Naturais, com o objetivo de sensibilizar os alunos para a import\u00e2ncia da prote\u00e7\u00e3o do planeta.<\/p><p style=\"color: #000000; font-family: 'Times New Roman'; font-size: medium;\">Foram realizados pequenos debates em sala de aula, onde os alunos partilharam opini\u00f5es e refletiram sobre temas como as altera\u00e7\u00f5es clim\u00e1ticas, a polui\u00e7\u00e3o, o desperd\u00edcio de recursos e a perda de biodiversidade. Estes momentos de di\u00e1logo permitiram promover uma consci\u00eancia ecol\u00f3gica cr\u00edtica e participativa.<\/p><p style=\"color: #000000; font-family: 'Times New Roman'; font-size: medium;\">Al\u00e9m disso, os professores incentivaram os alunos a apresentar ideias e a\u00e7\u00f5es concretas que cada um pode adotar no dia a dia para proteger o ambiente: reduzir o uso de pl\u00e1stico, poupar \u00e1gua e energia, reciclar corretamente e respeitar os ecossistemas locais.<\/p><p style=\"color: #000000; font-family: 'Times New Roman'; font-size: medium;\">Estas iniciativas surgem integradas no esp\u00edrito do tema deste ano \u2013 \u201cO Nosso Poder, O Nosso Planeta\u201d \u2013 e refor\u00e7am o compromisso do Agrupamento com a educa\u00e7\u00e3o ambiental e cidadania ativa.<\/p><p style=\"color: #000000; font-family: 'Times New Roman'; font-size: medium;\">A escola continua assim a apostar na forma\u00e7\u00e3o de cidad\u00e3os mais informados, respons\u00e1veis e conscientes do seu papel na preserva\u00e7\u00e3o do planeta Terra.<\/p><p style=\"color: #000000; font-family: 'Times New Roman'; font-size: medium;\">Porque proteger o planeta \u00e9 proteger a nossa casa. E n\u00e3o temos um planeta B.<\/p>\t\t\t\t\t\t\t\t<\/div>\n\t\t\t\t<\/div>\n\t\t\t\t\t<\/div>\n\t\t\t\t<\/div>\n\t\t<div class=\"elementor-element elementor-element-fab421b e-flex e-con-boxed e-con e-parent\" data-id=\"fab421b\" data-element_type=\"container\" data-e-type=\"container\">\n\t\t\t\t\t<div class=\"e-con-inner\">\n\t\t\t\t<div class=\"elementor-element elementor-element-9ccecc7 elementor-widget elementor-widget-image\" data-id=\"9ccecc7\" data-element_type=\"widget\" data-e-type=\"widget\" data-widget_type=\"image.default\">\n\t\t\t\t<div class=\"elementor-widget-container\">\n\t\t\t\t\t\t\t\t\t\t\t\t\t\t\t<img fetchpriority=\"high\" decoding=\"async\" width=\"724\" height=\"1024\" src=\"https:\/\/www.aemora.pt\/wp-content\/uploads\/2025\/04\/Cartaz-dia-da-terra-mensagem-verde-1-724x1024.png\" class=\"attachment-large size-large wp-image-80603\" alt=\"\" srcset=\"https:\/\/www.aemora.pt\/wp-content\/uploads\/2025\/04\/Cartaz-dia-da-terra-mensagem-verde-1-724x1024.png 724w, https:\/\/www.aemora.pt\/wp-content\/uploads\/2025\/04\/Cartaz-dia-da-terra-mensagem-verde-1-212x300.png 212w, https:\/\/www.aemora.pt\/wp-content\/uploads\/2025\/04\/Cartaz-dia-da-terra-mensagem-verde-1-768x1086.png 768w, https:\/\/www.aemora.pt\/wp-content\/uploads\/2025\/04\/Cartaz-dia-da-terra-mensagem-verde-1-1086x1536.png 1086w, https:\/\/www.aemora.pt\/wp-content\/uploads\/2025\/04\/Cartaz-dia-da-terra-mensagem-verde-1-1448x2048.png 1448w, https:\/\/www.aemora.pt\/wp-content\/uploads\/2025\/04\/Cartaz-dia-da-terra-mensagem-verde-1.png 1587w\" sizes=\"(max-width: 724px) 100vw, 724px\" \/>\t\t\t\t\t\t\t\t\t\t\t\t\t\t\t<\/div>\n\t\t\t\t<\/div>\n\t\t\t\t\t<\/div>\n\t\t\t\t<\/div>\n\t\t\t\t<\/div>\n\t\t","protected":false},"excerpt":{"rendered":"<p>Dia Mundial da Terra No \u00e2mbito da celebra\u00e7\u00e3o do Dia Mundial da Terra, assinalado a 22 de abril, o Agrupamento de Escolas de Mora dinamizou&hellip;<\/p>\n","protected":false},"author":5,"featured_media":0,"comment_status":"closed","ping_status":"closed","sticky":false,"template":"","format":"standard","meta":{"_EventAllDay":false,"_EventTimezone":"","_EventStartDate":"","_EventEndDate":"","_EventStartDateUTC":"","_EventEndDateUTC":"","_EventShowMap":false,"_EventShowMapLink":false,"_EventURL":"","_EventCost":"","_EventCostDescription":"","_EventCurrencySymbol":"","_EventCurrencyCode":"","_EventCurrencyPosition":"","_EventDateTimeSeparator":"","_EventTimeRangeSeparator":"","_EventOrganizerID":[],"_EventVenueID":[],"_OrganizerEmail":"","_OrganizerPhone":"","_OrganizerWebsite":"","_VenueAddress":"","_VenueCity":"","_VenueCountry":"","_VenueProvince":"","_VenueState":"","_VenueZip":"","_VenuePhone":"","_VenueURL":"","_VenueStateProvince":"","_VenueLat":"","_VenueLng":"","_VenueShowMap":false,"_VenueShowMapLink":false,"footnotes":""},"categories":[121],"tags":[],"class_list":["post-80602","post","type-post","status-publish","format-standard","hentry","category-agrupamento"],"featured_image_url":[],"post_author":"Paulo Torres","assigned_categories":"Agrupamento","_links":{"self":[{"href":"https:\/\/www.aemora.pt\/index.php?rest_route=\/wp\/v2\/posts\/80602","targetHints":{"allow":["GET"]}}],"collection":[{"href":"https:\/\/www.aemora.pt\/index.php?rest_route=\/wp\/v2\/posts"}],"about":[{"href":"https:\/\/www.aemora.pt\/index.php?rest_route=\/wp\/v2\/types\/post"}],"author":[{"embeddable":true,"href":"https:\/\/www.aemora.pt\/index.php?rest_route=\/wp\/v2\/users\/5"}],"replies":[{"embeddable":true,"href":"https:\/\/www.aemora.pt\/index.php?rest_route=%2Fwp%2Fv2%2Fcomments&post=80602"}],"version-history":[{"count":3,"href":"https:\/\/www.aemora.pt\/index.php?rest_route=\/wp\/v2\/posts\/80602\/revisions"}],"predecessor-version":[{"id":80606,"href":"https:\/\/www.aemora.pt\/index.php?rest_route=\/wp\/v2\/posts\/80602\/revisions\/80606"}],"wp:attachment":[{"href":"https:\/\/www.aemora.pt\/index.php?rest_route=%2Fwp%2Fv2%2Fmedia&parent=80602"}],"wp:term":[{"taxonomy":"category","embeddable":true,"href":"https:\/\/www.aemora.pt\/index.php?rest_route=%2Fwp%2Fv2%2Fcategories&post=80602"},{"taxonomy":"post_tag","embeddable":true,"href":"https:\/\/www.aemora.pt\/index.php?rest_route=%2Fwp%2Fv2%2Ftags&post=80602"}],"curies":[{"name":"wp","href":"https:\/\/api.w.org\/{rel}","templated":true}]}}