{"id":80787,"date":"2025-05-02T19:54:42","date_gmt":"2025-05-02T18:54:42","guid":{"rendered":"https:\/\/www.aemora.pt\/?p=80787"},"modified":"2025-05-02T20:19:15","modified_gmt":"2025-05-02T19:19:15","slug":"laco-humano-pela-protecao-das-criancas-no-agrupamento-de-escolas-de-mora","status":"publish","type":"post","link":"https:\/\/www.aemora.pt\/?p=80787","title":{"rendered":"La\u00e7o Humano AE de Mora"},"content":{"rendered":"\t\t<div data-elementor-type=\"wp-post\" data-elementor-id=\"80787\" class=\"elementor elementor-80787\" data-elementor-post-type=\"post\">\n\t\t\t\t<div class=\"elementor-element elementor-element-48fea26 e-flex e-con-boxed e-con e-parent\" data-id=\"48fea26\" data-element_type=\"container\" data-e-type=\"container\">\n\t\t\t\t\t<div class=\"e-con-inner\">\n\t\t\t\t<div class=\"elementor-element elementor-element-8723850 elementor-widget elementor-widget-spacer\" data-id=\"8723850\" data-element_type=\"widget\" data-e-type=\"widget\" data-widget_type=\"spacer.default\">\n\t\t\t\t<div class=\"elementor-widget-container\">\n\t\t\t\t\t\t\t<div class=\"elementor-spacer\">\n\t\t\t<div class=\"elementor-spacer-inner\"><\/div>\n\t\t<\/div>\n\t\t\t\t\t\t<\/div>\n\t\t\t\t<\/div>\n\t\t\t\t<div class=\"elementor-element elementor-element-28f0fbd elementor-widget elementor-widget-heading\" data-id=\"28f0fbd\" data-element_type=\"widget\" data-e-type=\"widget\" data-widget_type=\"heading.default\">\n\t\t\t\t<div class=\"elementor-widget-container\">\n\t\t\t\t\t<h2 class=\"elementor-heading-title elementor-size-default\">La\u00e7o Humano pela Prote\u00e7\u00e3o das Crian\u00e7as no Agrupamento de Escolas de Mora<\/h2>\t\t\t\t<\/div>\n\t\t\t\t<\/div>\n\t\t\t\t<div class=\"elementor-element elementor-element-3abe92c elementor-widget elementor-widget-spacer\" data-id=\"3abe92c\" data-element_type=\"widget\" data-e-type=\"widget\" data-widget_type=\"spacer.default\">\n\t\t\t\t<div class=\"elementor-widget-container\">\n\t\t\t\t\t\t\t<div class=\"elementor-spacer\">\n\t\t\t<div class=\"elementor-spacer-inner\"><\/div>\n\t\t<\/div>\n\t\t\t\t\t\t<\/div>\n\t\t\t\t<\/div>\n\t\t\t\t<div class=\"elementor-element elementor-element-df58e76 elementor-widget elementor-widget-text-editor\" data-id=\"df58e76\" data-element_type=\"widget\" data-e-type=\"widget\" data-widget_type=\"text-editor.default\">\n\t\t\t\t<div class=\"elementor-widget-container\">\n\t\t\t\t\t\t\t\t\t<p style=\"text-align: justify;\">No passado dia <strong>30 de abril<\/strong>, o <strong>Agrupamento de Escolas de Mora<\/strong> foi palco de uma iniciativa simb\u00f3lica e com forte impacto emocional: a constru\u00e7\u00e3o de um <strong>la\u00e7o humano<\/strong> no \u00e2mbito da <strong>comemora\u00e7\u00e3o do M\u00eas da Preven\u00e7\u00e3o dos Maus-Tratos na Inf\u00e2ncia<\/strong>.<\/p><p style=\"text-align: justify;\">A atividade foi dinamizada pela <strong>Equipa do Projeto de Educa\u00e7\u00e3o para a Sa\u00fade (PES)<\/strong>, em colabora\u00e7\u00e3o com a <strong>Comiss\u00e3o de Prote\u00e7\u00e3o de Crian\u00e7as e Jovens (CPCJ) de Mora<\/strong>, e contou com a participa\u00e7\u00e3o <strong>de todos os alunos da escola, da restante comunidade educativa<\/strong> e de v\u00e1rias <strong>entidades parceiras<\/strong>, nomeadamente a <strong>Unidade de Cuidados na Comunidade (UCC)<\/strong>, a <strong>GNR \u2013 Escola Segura<\/strong>, a <strong>C\u00e2mara Municipal de Mora<\/strong> e os <strong>Bombeiros Volunt\u00e1rios de Mora<\/strong>.<\/p><p style=\"text-align: justify;\">Este gesto coletivo visou sensibilizar para a import\u00e2ncia da <strong>prote\u00e7\u00e3o das crian\u00e7as e jovens<\/strong>, apelando ao respeito, carinho e cuidado que todas as crian\u00e7as merecem. O la\u00e7o azul, s\u00edmbolo desta causa, foi recriado com a presen\u00e7a de dezenas de participantes, numa demonstra\u00e7\u00e3o de uni\u00e3o e compromisso da comunidade escolar e local para com esta causa t\u00e3o nobre.<\/p><p style=\"text-align: justify;\">Com esta iniciativa, o Agrupamento reafirma o seu papel ativo na <strong>promo\u00e7\u00e3o dos direitos das crian\u00e7as<\/strong> e na <strong>preven\u00e7\u00e3o de qualquer forma de viol\u00eancia ou neglig\u00eancia<\/strong>. <strong>Que este la\u00e7o humano seja um elo de esperan\u00e7a e um apelo claro: nenhuma crian\u00e7a deve ser maltratada.<\/strong><\/p>\t\t\t\t\t\t\t\t<\/div>\n\t\t\t\t<\/div>\n\t\t\t\t\t<\/div>\n\t\t\t\t<\/div>\n\t\t<div class=\"elementor-element elementor-element-fc95d71 e-flex e-con-boxed e-con e-parent\" data-id=\"fc95d71\" data-element_type=\"container\" data-e-type=\"container\">\n\t\t\t\t\t<div class=\"e-con-inner\">\n\t\t\t\t\t<\/div>\n\t\t\t\t<\/div>\n\t\t<div class=\"elementor-element elementor-element-086702b e-flex e-con-boxed e-con e-parent\" data-id=\"086702b\" data-element_type=\"container\" data-e-type=\"container\">\n\t\t\t\t\t<div class=\"e-con-inner\">\n\t\t\t\t<div class=\"elementor-element elementor-element-f4e9d02 gallery-spacing-custom elementor-widget elementor-widget-image-gallery\" data-id=\"f4e9d02\" data-element_type=\"widget\" data-e-type=\"widget\" data-widget_type=\"image-gallery.default\">\n\t\t\t\t<div class=\"elementor-widget-container\">\n\t\t\t\t\t\t\t<div class=\"elementor-image-gallery\">\n\t\t\t<div id='gallery-1' class='gallery galleryid-80787 gallery-columns-2 gallery-size-medium_large'><figure class='gallery-item'>\n\t\t\t<div class='gallery-icon landscape'>\n\t\t\t\t<a data-elementor-open-lightbox=\"yes\" data-elementor-lightbox-slideshow=\"f4e9d02\" data-elementor-lightbox-title=\"IMG-20250430-WA0004\" data-e-action-hash=\"#elementor-action%3Aaction%3Dlightbox%26settings%3DeyJpZCI6ODA3OTUsInVybCI6Imh0dHBzOlwvXC93d3cuYWVtb3JhLnB0XC93cC1jb250ZW50XC91cGxvYWRzXC8yMDI1XC8wNVwvSU1HLTIwMjUwNDMwLVdBMDAwNC5qcGciLCJzbGlkZXNob3ciOiJmNGU5ZDAyIn0%3D\" href='https:\/\/www.aemora.pt\/wp-content\/uploads\/2025\/05\/IMG-20250430-WA0004.jpg'><img fetchpriority=\"high\" decoding=\"async\" width=\"768\" height=\"346\" src=\"https:\/\/www.aemora.pt\/wp-content\/uploads\/2025\/05\/IMG-20250430-WA0004-768x346.jpg\" class=\"attachment-medium_large size-medium_large\" alt=\"\" srcset=\"https:\/\/www.aemora.pt\/wp-content\/uploads\/2025\/05\/IMG-20250430-WA0004-768x346.jpg 768w, https:\/\/www.aemora.pt\/wp-content\/uploads\/2025\/05\/IMG-20250430-WA0004-300x135.jpg 300w, https:\/\/www.aemora.pt\/wp-content\/uploads\/2025\/05\/IMG-20250430-WA0004-1024x461.jpg 1024w, https:\/\/www.aemora.pt\/wp-content\/uploads\/2025\/05\/IMG-20250430-WA0004-1536x691.jpg 1536w, https:\/\/www.aemora.pt\/wp-content\/uploads\/2025\/05\/IMG-20250430-WA0004.jpg 1600w\" sizes=\"(max-width: 768px) 100vw, 768px\" \/><\/a>\n\t\t\t<\/div><\/figure><figure class='gallery-item'>\n\t\t\t<div class='gallery-icon landscape'>\n\t\t\t\t<a data-elementor-open-lightbox=\"yes\" data-elementor-lightbox-slideshow=\"f4e9d02\" data-elementor-lightbox-title=\"IMG-20250430-WA0003\" data-e-action-hash=\"#elementor-action%3Aaction%3Dlightbox%26settings%3DeyJpZCI6ODA3OTQsInVybCI6Imh0dHBzOlwvXC93d3cuYWVtb3JhLnB0XC93cC1jb250ZW50XC91cGxvYWRzXC8yMDI1XC8wNVwvSU1HLTIwMjUwNDMwLVdBMDAwMy5qcGciLCJzbGlkZXNob3ciOiJmNGU5ZDAyIn0%3D\" href='https:\/\/www.aemora.pt\/wp-content\/uploads\/2025\/05\/IMG-20250430-WA0003.jpg'><img decoding=\"async\" width=\"768\" height=\"346\" src=\"https:\/\/www.aemora.pt\/wp-content\/uploads\/2025\/05\/IMG-20250430-WA0003-768x346.jpg\" class=\"attachment-medium_large size-medium_large\" alt=\"\" srcset=\"https:\/\/www.aemora.pt\/wp-content\/uploads\/2025\/05\/IMG-20250430-WA0003-768x346.jpg 768w, https:\/\/www.aemora.pt\/wp-content\/uploads\/2025\/05\/IMG-20250430-WA0003-300x135.jpg 300w, https:\/\/www.aemora.pt\/wp-content\/uploads\/2025\/05\/IMG-20250430-WA0003-1024x461.jpg 1024w, https:\/\/www.aemora.pt\/wp-content\/uploads\/2025\/05\/IMG-20250430-WA0003-1536x691.jpg 1536w, https:\/\/www.aemora.pt\/wp-content\/uploads\/2025\/05\/IMG-20250430-WA0003.jpg 1600w\" sizes=\"(max-width: 768px) 100vw, 768px\" \/><\/a>\n\t\t\t<\/div><\/figure><figure class='gallery-item'>\n\t\t\t<div class='gallery-icon landscape'>\n\t\t\t\t<a data-elementor-open-lightbox=\"yes\" data-elementor-lightbox-slideshow=\"f4e9d02\" data-elementor-lightbox-title=\"IMG-20250430-WA0027\" data-e-action-hash=\"#elementor-action%3Aaction%3Dlightbox%26settings%3DeyJpZCI6ODA3OTIsInVybCI6Imh0dHBzOlwvXC93d3cuYWVtb3JhLnB0XC93cC1jb250ZW50XC91cGxvYWRzXC8yMDI1XC8wNVwvSU1HLTIwMjUwNDMwLVdBMDAyNy5qcGciLCJzbGlkZXNob3ciOiJmNGU5ZDAyIn0%3D\" href='https:\/\/www.aemora.pt\/wp-content\/uploads\/2025\/05\/IMG-20250430-WA0027.jpg'><img decoding=\"async\" width=\"768\" height=\"578\" src=\"https:\/\/www.aemora.pt\/wp-content\/uploads\/2025\/05\/IMG-20250430-WA0027-768x578.jpg\" class=\"attachment-medium_large size-medium_large\" alt=\"\" srcset=\"https:\/\/www.aemora.pt\/wp-content\/uploads\/2025\/05\/IMG-20250430-WA0027-768x578.jpg 768w, https:\/\/www.aemora.pt\/wp-content\/uploads\/2025\/05\/IMG-20250430-WA0027-300x226.jpg 300w, https:\/\/www.aemora.pt\/wp-content\/uploads\/2025\/05\/IMG-20250430-WA0027-1024x771.jpg 1024w, https:\/\/www.aemora.pt\/wp-content\/uploads\/2025\/05\/IMG-20250430-WA0027-1536x1156.jpg 1536w, https:\/\/www.aemora.pt\/wp-content\/uploads\/2025\/05\/IMG-20250430-WA0027.jpg 1600w\" sizes=\"(max-width: 768px) 100vw, 768px\" \/><\/a>\n\t\t\t<\/div><\/figure><figure class='gallery-item'>\n\t\t\t<div class='gallery-icon landscape'>\n\t\t\t\t<a data-elementor-open-lightbox=\"yes\" data-elementor-lightbox-slideshow=\"f4e9d02\" data-elementor-lightbox-title=\"IMG-20250430-WA0007\" data-e-action-hash=\"#elementor-action%3Aaction%3Dlightbox%26settings%3DeyJpZCI6ODA3OTYsInVybCI6Imh0dHBzOlwvXC93d3cuYWVtb3JhLnB0XC93cC1jb250ZW50XC91cGxvYWRzXC8yMDI1XC8wNVwvSU1HLTIwMjUwNDMwLVdBMDAwNy5qcGciLCJzbGlkZXNob3ciOiJmNGU5ZDAyIn0%3D\" href='https:\/\/www.aemora.pt\/wp-content\/uploads\/2025\/05\/IMG-20250430-WA0007.jpg'><img loading=\"lazy\" decoding=\"async\" width=\"768\" height=\"578\" src=\"https:\/\/www.aemora.pt\/wp-content\/uploads\/2025\/05\/IMG-20250430-WA0007-768x578.jpg\" class=\"attachment-medium_large size-medium_large\" alt=\"\" srcset=\"https:\/\/www.aemora.pt\/wp-content\/uploads\/2025\/05\/IMG-20250430-WA0007-768x578.jpg 768w, https:\/\/www.aemora.pt\/wp-content\/uploads\/2025\/05\/IMG-20250430-WA0007-300x226.jpg 300w, https:\/\/www.aemora.pt\/wp-content\/uploads\/2025\/05\/IMG-20250430-WA0007-1024x771.jpg 1024w, https:\/\/www.aemora.pt\/wp-content\/uploads\/2025\/05\/IMG-20250430-WA0007-1536x1156.jpg 1536w, https:\/\/www.aemora.pt\/wp-content\/uploads\/2025\/05\/IMG-20250430-WA0007.jpg 1600w\" sizes=\"(max-width: 768px) 100vw, 768px\" \/><\/a>\n\t\t\t<\/div><\/figure><figure class='gallery-item'>\n\t\t\t<div class='gallery-icon landscape'>\n\t\t\t\t<a data-elementor-open-lightbox=\"yes\" data-elementor-lightbox-slideshow=\"f4e9d02\" data-elementor-lightbox-title=\"IMG-20250430-WA0002\" data-e-action-hash=\"#elementor-action%3Aaction%3Dlightbox%26settings%3DeyJpZCI6ODA3OTMsInVybCI6Imh0dHBzOlwvXC93d3cuYWVtb3JhLnB0XC93cC1jb250ZW50XC91cGxvYWRzXC8yMDI1XC8wNVwvSU1HLTIwMjUwNDMwLVdBMDAwMi5qcGciLCJzbGlkZXNob3ciOiJmNGU5ZDAyIn0%3D\" href='https:\/\/www.aemora.pt\/wp-content\/uploads\/2025\/05\/IMG-20250430-WA0002.jpg'><img loading=\"lazy\" decoding=\"async\" width=\"768\" height=\"346\" src=\"https:\/\/www.aemora.pt\/wp-content\/uploads\/2025\/05\/IMG-20250430-WA0002-768x346.jpg\" class=\"attachment-medium_large size-medium_large\" alt=\"\" srcset=\"https:\/\/www.aemora.pt\/wp-content\/uploads\/2025\/05\/IMG-20250430-WA0002-768x346.jpg 768w, https:\/\/www.aemora.pt\/wp-content\/uploads\/2025\/05\/IMG-20250430-WA0002-300x135.jpg 300w, https:\/\/www.aemora.pt\/wp-content\/uploads\/2025\/05\/IMG-20250430-WA0002-1024x461.jpg 1024w, https:\/\/www.aemora.pt\/wp-content\/uploads\/2025\/05\/IMG-20250430-WA0002-1536x691.jpg 1536w, https:\/\/www.aemora.pt\/wp-content\/uploads\/2025\/05\/IMG-20250430-WA0002.jpg 1600w\" sizes=\"(max-width: 768px) 100vw, 768px\" \/><\/a>\n\t\t\t<\/div><\/figure>\n\t\t<\/div>\n\t\t<\/div>\n\t\t\t\t\t\t<\/div>\n\t\t\t\t<\/div>\n\t\t\t\t\t<\/div>\n\t\t\t\t<\/div>\n\t\t\t\t<\/div>\n\t\t","protected":false},"excerpt":{"rendered":"<p>La\u00e7o Humano pela Prote\u00e7\u00e3o das Crian\u00e7as no Agrupamento de Escolas de Mora No passado dia 30 de abril, o Agrupamento de Escolas de Mora foi&hellip;<\/p>\n","protected":false},"author":5,"featured_media":0,"comment_status":"closed","ping_status":"closed","sticky":false,"template":"","format":"standard","meta":{"_EventAllDay":false,"_EventTimezone":"","_EventStartDate":"","_EventEndDate":"","_EventStartDateUTC":"","_EventEndDateUTC":"","_EventShowMap":false,"_EventShowMapLink":false,"_EventURL":"","_EventCost":"","_EventCostDescription":"","_EventCurrencySymbol":"","_EventCurrencyCode":"","_EventCurrencyPosition":"","_EventDateTimeSeparator":"","_EventTimeRangeSeparator":"","_EventOrganizerID":[],"_EventVenueID":[],"_OrganizerEmail":"","_OrganizerPhone":"","_OrganizerWebsite":"","_VenueAddress":"","_VenueCity":"","_VenueCountry":"","_VenueProvince":"","_VenueState":"","_VenueZip":"","_VenuePhone":"","_VenueURL":"","_VenueStateProvince":"","_VenueLat":"","_VenueLng":"","_VenueShowMap":false,"_VenueShowMapLink":false,"footnotes":""},"categories":[121],"tags":[],"class_list":["post-80787","post","type-post","status-publish","format-standard","hentry","category-agrupamento"],"featured_image_url":[],"post_author":"Paulo Torres","assigned_categories":"Agrupamento","_links":{"self":[{"href":"https:\/\/www.aemora.pt\/index.php?rest_route=\/wp\/v2\/posts\/80787","targetHints":{"allow":["GET"]}}],"collection":[{"href":"https:\/\/www.aemora.pt\/index.php?rest_route=\/wp\/v2\/posts"}],"about":[{"href":"https:\/\/www.aemora.pt\/index.php?rest_route=\/wp\/v2\/types\/post"}],"author":[{"embeddable":true,"href":"https:\/\/www.aemora.pt\/index.php?rest_route=\/wp\/v2\/users\/5"}],"replies":[{"embeddable":true,"href":"https:\/\/www.aemora.pt\/index.php?rest_route=%2Fwp%2Fv2%2Fcomments&post=80787"}],"version-history":[{"count":14,"href":"https:\/\/www.aemora.pt\/index.php?rest_route=\/wp\/v2\/posts\/80787\/revisions"}],"predecessor-version":[{"id":80813,"href":"https:\/\/www.aemora.pt\/index.php?rest_route=\/wp\/v2\/posts\/80787\/revisions\/80813"}],"wp:attachment":[{"href":"https:\/\/www.aemora.pt\/index.php?rest_route=%2Fwp%2Fv2%2Fmedia&parent=80787"}],"wp:term":[{"taxonomy":"category","embeddable":true,"href":"https:\/\/www.aemora.pt\/index.php?rest_route=%2Fwp%2Fv2%2Fcategories&post=80787"},{"taxonomy":"post_tag","embeddable":true,"href":"https:\/\/www.aemora.pt\/index.php?rest_route=%2Fwp%2Fv2%2Ftags&post=80787"}],"curies":[{"name":"wp","href":"https:\/\/api.w.org\/{rel}","templated":true}]}}