{"id":80877,"date":"2025-05-05T23:25:22","date_gmt":"2025-05-05T22:25:22","guid":{"rendered":"https:\/\/www.aemora.pt\/?p=80877"},"modified":"2025-05-05T23:36:32","modified_gmt":"2025-05-05T22:36:32","slug":"mes-da-prevencao-dos-maus-tratos-na-infancia","status":"publish","type":"post","link":"https:\/\/www.aemora.pt\/?p=80877","title":{"rendered":"M\u00eas da Preven\u00e7\u00e3o dos Maus-Tratos na Inf\u00e2ncia"},"content":{"rendered":"\t\t<div data-elementor-type=\"wp-post\" data-elementor-id=\"80877\" class=\"elementor elementor-80877\" data-elementor-post-type=\"post\">\n\t\t\t\t<div class=\"elementor-element elementor-element-e020a1b e-flex e-con-boxed e-con e-parent\" data-id=\"e020a1b\" data-element_type=\"container\" data-e-type=\"container\">\n\t\t\t\t\t<div class=\"e-con-inner\">\n\t\t\t\t<div class=\"elementor-element elementor-element-f2f051f elementor-widget elementor-widget-spacer\" data-id=\"f2f051f\" data-element_type=\"widget\" data-e-type=\"widget\" data-widget_type=\"spacer.default\">\n\t\t\t\t<div class=\"elementor-widget-container\">\n\t\t\t\t\t\t\t<div class=\"elementor-spacer\">\n\t\t\t<div class=\"elementor-spacer-inner\"><\/div>\n\t\t<\/div>\n\t\t\t\t\t\t<\/div>\n\t\t\t\t<\/div>\n\t\t\t\t<div class=\"elementor-element elementor-element-e681e2a elementor-widget elementor-widget-heading\" data-id=\"e681e2a\" data-element_type=\"widget\" data-e-type=\"widget\" data-widget_type=\"heading.default\">\n\t\t\t\t<div class=\"elementor-widget-container\">\n\t\t\t\t\t<h2 class=\"elementor-heading-title elementor-size-default\"><b>M\u00eas da Preven\u00e7\u00e3o dos Maus-Tratos na Inf\u00e2ncia<\/b><\/h2>\t\t\t\t<\/div>\n\t\t\t\t<\/div>\n\t\t\t\t\t<\/div>\n\t\t\t\t<\/div>\n\t\t<div class=\"elementor-element elementor-element-77e5bc0 e-flex e-con-boxed e-con e-parent\" data-id=\"77e5bc0\" data-element_type=\"container\" data-e-type=\"container\">\n\t\t\t\t\t<div class=\"e-con-inner\">\n\t\t\t\t<div class=\"elementor-element elementor-element-22d7b50 elementor-widget elementor-widget-spacer\" data-id=\"22d7b50\" data-element_type=\"widget\" data-e-type=\"widget\" data-widget_type=\"spacer.default\">\n\t\t\t\t<div class=\"elementor-widget-container\">\n\t\t\t\t\t\t\t<div class=\"elementor-spacer\">\n\t\t\t<div class=\"elementor-spacer-inner\"><\/div>\n\t\t<\/div>\n\t\t\t\t\t\t<\/div>\n\t\t\t\t<\/div>\n\t\t\t\t<div class=\"elementor-element elementor-element-42eb194 elementor-widget elementor-widget-text-editor\" data-id=\"42eb194\" data-element_type=\"widget\" data-e-type=\"widget\" data-widget_type=\"text-editor.default\">\n\t\t\t\t<div class=\"elementor-widget-container\">\n\t\t\t\t\t\t\t\t\t<p><span data-olk-copy-source=\"MessageBody\">Para assinalar o M\u00eas da Preven\u00e7\u00e3o dos Maus-Tratos na Inf\u00e2ncia, a CPCJ de Mora em articula\u00e7\u00e3o com o Departamento de Educa\u00e7\u00e3o Especial, realizaram uma a\u00e7\u00e3o de sensibiliza\u00e7\u00e3o nas turmas do 2\u00ba ciclo de escolaridade. A partir da leitura do livro \u201cRespeitem-se! E tratem-se bem\u201d de Luc\u00eda Serrano, realizou-se uma reflex\u00e3o e partilha acerca da tem\u00e1tica. Os alunos foram tamb\u00e9m convidados a dizer uma palavra acerca da preven\u00e7\u00e3o dos maus-tratos. Para finalizar ouviu-se a m\u00fasica desta iniciativa. \u201cSerei o que me deres, que seja amor\u201d, \u00e9 o slogan desta campanha, que visa chamar a aten\u00e7\u00e3o da comunidade para a urg\u00eancia de todos prevenirmos e combatermos os maus-tratos a que muitas crian\u00e7as s\u00e3o sujeitas.<\/span><\/p>\t\t\t\t\t\t\t\t<\/div>\n\t\t\t\t<\/div>\n\t\t\t\t\t<\/div>\n\t\t\t\t<\/div>\n\t\t<div class=\"elementor-element elementor-element-58a41a6 e-flex e-con-boxed e-con e-parent\" data-id=\"58a41a6\" data-element_type=\"container\" data-e-type=\"container\">\n\t\t\t\t\t<div class=\"e-con-inner\">\n\t\t\t\t<div class=\"elementor-element elementor-element-529f4b5 elementor-widget elementor-widget-image\" data-id=\"529f4b5\" data-element_type=\"widget\" data-e-type=\"widget\" data-widget_type=\"image.default\">\n\t\t\t\t<div class=\"elementor-widget-container\">\n\t\t\t\t\t\t\t\t\t\t\t\t\t\t\t<img fetchpriority=\"high\" decoding=\"async\" width=\"1920\" height=\"1080\" src=\"https:\/\/www.aemora.pt\/wp-content\/uploads\/2025\/05\/maus-tratos.png\" class=\"attachment-full size-full wp-image-80879\" alt=\"\" srcset=\"https:\/\/www.aemora.pt\/wp-content\/uploads\/2025\/05\/maus-tratos.png 1920w, https:\/\/www.aemora.pt\/wp-content\/uploads\/2025\/05\/maus-tratos-300x169.png 300w, https:\/\/www.aemora.pt\/wp-content\/uploads\/2025\/05\/maus-tratos-1024x576.png 1024w, https:\/\/www.aemora.pt\/wp-content\/uploads\/2025\/05\/maus-tratos-768x432.png 768w, https:\/\/www.aemora.pt\/wp-content\/uploads\/2025\/05\/maus-tratos-1536x864.png 1536w\" sizes=\"(max-width: 1920px) 100vw, 1920px\" \/>\t\t\t\t\t\t\t\t\t\t\t\t\t\t\t<\/div>\n\t\t\t\t<\/div>\n\t\t\t\t\t<\/div>\n\t\t\t\t<\/div>\n\t\t\t\t<\/div>\n\t\t","protected":false},"excerpt":{"rendered":"<p>M\u00eas da Preven\u00e7\u00e3o dos Maus-Tratos na Inf\u00e2ncia Para assinalar o M\u00eas da Preven\u00e7\u00e3o dos Maus-Tratos na Inf\u00e2ncia, a CPCJ de Mora em articula\u00e7\u00e3o com o&hellip;<\/p>\n","protected":false},"author":5,"featured_media":0,"comment_status":"closed","ping_status":"closed","sticky":false,"template":"","format":"standard","meta":{"_EventAllDay":false,"_EventTimezone":"","_EventStartDate":"","_EventEndDate":"","_EventStartDateUTC":"","_EventEndDateUTC":"","_EventShowMap":false,"_EventShowMapLink":false,"_EventURL":"","_EventCost":"","_EventCostDescription":"","_EventCurrencySymbol":"","_EventCurrencyCode":"","_EventCurrencyPosition":"","_EventDateTimeSeparator":"","_EventTimeRangeSeparator":"","_EventOrganizerID":[],"_EventVenueID":[],"_OrganizerEmail":"","_OrganizerPhone":"","_OrganizerWebsite":"","_VenueAddress":"","_VenueCity":"","_VenueCountry":"","_VenueProvince":"","_VenueState":"","_VenueZip":"","_VenuePhone":"","_VenueURL":"","_VenueStateProvince":"","_VenueLat":"","_VenueLng":"","_VenueShowMap":false,"_VenueShowMapLink":false,"footnotes":""},"categories":[121],"tags":[],"class_list":["post-80877","post","type-post","status-publish","format-standard","hentry","category-agrupamento"],"featured_image_url":[],"post_author":"Paulo Torres","assigned_categories":"Agrupamento","_links":{"self":[{"href":"https:\/\/www.aemora.pt\/index.php?rest_route=\/wp\/v2\/posts\/80877","targetHints":{"allow":["GET"]}}],"collection":[{"href":"https:\/\/www.aemora.pt\/index.php?rest_route=\/wp\/v2\/posts"}],"about":[{"href":"https:\/\/www.aemora.pt\/index.php?rest_route=\/wp\/v2\/types\/post"}],"author":[{"embeddable":true,"href":"https:\/\/www.aemora.pt\/index.php?rest_route=\/wp\/v2\/users\/5"}],"replies":[{"embeddable":true,"href":"https:\/\/www.aemora.pt\/index.php?rest_route=%2Fwp%2Fv2%2Fcomments&post=80877"}],"version-history":[{"count":31,"href":"https:\/\/www.aemora.pt\/index.php?rest_route=\/wp\/v2\/posts\/80877\/revisions"}],"predecessor-version":[{"id":80909,"href":"https:\/\/www.aemora.pt\/index.php?rest_route=\/wp\/v2\/posts\/80877\/revisions\/80909"}],"wp:attachment":[{"href":"https:\/\/www.aemora.pt\/index.php?rest_route=%2Fwp%2Fv2%2Fmedia&parent=80877"}],"wp:term":[{"taxonomy":"category","embeddable":true,"href":"https:\/\/www.aemora.pt\/index.php?rest_route=%2Fwp%2Fv2%2Fcategories&post=80877"},{"taxonomy":"post_tag","embeddable":true,"href":"https:\/\/www.aemora.pt\/index.php?rest_route=%2Fwp%2Fv2%2Ftags&post=80877"}],"curies":[{"name":"wp","href":"https:\/\/api.w.org\/{rel}","templated":true}]}}