{"id":80921,"date":"2025-05-08T16:45:27","date_gmt":"2025-05-08T15:45:27","guid":{"rendered":"https:\/\/www.aemora.pt\/?p=80921"},"modified":"2025-07-24T19:12:54","modified_gmt":"2025-07-24T18:12:54","slug":"objetivos-funcoes-da-equipa-de-autoavaliacao-escolar","status":"publish","type":"post","link":"https:\/\/www.aemora.pt\/?p=80921","title":{"rendered":"Objetivos\/fun\u00e7\u00f5es da Equipa de Autoavalia\u00e7\u00e3o Escolar"},"content":{"rendered":"\t\t<div data-elementor-type=\"wp-post\" data-elementor-id=\"80921\" class=\"elementor elementor-80921\" data-elementor-post-type=\"post\">\n\t\t\t\t<div class=\"elementor-element elementor-element-2d85e4c e-flex e-con-boxed e-con e-parent\" data-id=\"2d85e4c\" data-element_type=\"container\" data-e-type=\"container\">\n\t\t\t\t\t<div class=\"e-con-inner\">\n\t\t\t\t<div class=\"elementor-element elementor-element-f1b6be0 elementor-widget elementor-widget-spacer\" data-id=\"f1b6be0\" data-element_type=\"widget\" data-e-type=\"widget\" data-widget_type=\"spacer.default\">\n\t\t\t\t<div class=\"elementor-widget-container\">\n\t\t\t\t\t\t\t<div class=\"elementor-spacer\">\n\t\t\t<div class=\"elementor-spacer-inner\"><\/div>\n\t\t<\/div>\n\t\t\t\t\t\t<\/div>\n\t\t\t\t<\/div>\n\t\t\t\t\t<\/div>\n\t\t\t\t<\/div>\n\t\t<div class=\"elementor-element elementor-element-7f6f716 e-flex e-con-boxed e-con e-parent\" data-id=\"7f6f716\" data-element_type=\"container\" data-e-type=\"container\">\n\t\t\t\t\t<div class=\"e-con-inner\">\n\t\t\t\t<div class=\"elementor-element elementor-element-17a772a elementor-widget elementor-widget-heading\" data-id=\"17a772a\" data-element_type=\"widget\" data-e-type=\"widget\" data-widget_type=\"heading.default\">\n\t\t\t\t<div class=\"elementor-widget-container\">\n\t\t\t\t\t<h2 class=\"elementor-heading-title elementor-size-default\">Objetivos\/fun\u00e7\u00f5es da Equipa de Autoavalia\u00e7\u00e3o<\/h2>\t\t\t\t<\/div>\n\t\t\t\t<\/div>\n\t\t\t\t\t<\/div>\n\t\t\t\t<\/div>\n\t\t<div class=\"elementor-element elementor-element-0ef3515 e-flex e-con-boxed e-con e-parent\" data-id=\"0ef3515\" data-element_type=\"container\" data-e-type=\"container\">\n\t\t\t\t\t<div class=\"e-con-inner\">\n\t\t\t\t<div class=\"elementor-element elementor-element-2b528a8 elementor-widget elementor-widget-spacer\" data-id=\"2b528a8\" data-element_type=\"widget\" data-e-type=\"widget\" data-widget_type=\"spacer.default\">\n\t\t\t\t<div class=\"elementor-widget-container\">\n\t\t\t\t\t\t\t<div class=\"elementor-spacer\">\n\t\t\t<div class=\"elementor-spacer-inner\"><\/div>\n\t\t<\/div>\n\t\t\t\t\t\t<\/div>\n\t\t\t\t<\/div>\n\t\t\t\t\t<\/div>\n\t\t\t\t<\/div>\n\t\t<div class=\"elementor-element elementor-element-927c92f e-flex e-con-boxed e-con e-parent\" data-id=\"927c92f\" data-element_type=\"container\" data-e-type=\"container\">\n\t\t\t\t\t<div class=\"e-con-inner\">\n\t\t\t\t<div class=\"elementor-element elementor-element-21004ee elementor-widget elementor-widget-text-editor\" data-id=\"21004ee\" data-element_type=\"widget\" data-e-type=\"widget\" data-widget_type=\"text-editor.default\">\n\t\t\t\t<div class=\"elementor-widget-container\">\n\t\t\t\t\t\t\t\t\t<p style=\"text-align: justify;\">A Equipa de Autoavalia\u00e7\u00e3o Escolar do Agrupamento de Escolas de Mora, tem como objetivo geral promover uma an\u00e1lise reflexiva e sistem\u00e1tica do funcionamento da institui\u00e7\u00e3o, com vista \u00e0 melhoria cont\u00ednua. Para alcan\u00e7ar esse objetivo, s\u00e3o definidos v\u00e1rios <strong>objetivos espec\u00edficos<\/strong>, que orientam o processo de autoavalia\u00e7\u00e3o.<\/p><p style=\"text-align: justify;\"><span style=\"text-align: start; font-size: 1rem;\">Alguns desses objetivos s\u00e3o:<\/span><\/p><p style=\"text-align: justify;\"><strong style=\"text-align: start; font-size: 1rem;\">Avaliar a qualidade pedag\u00f3gica<\/strong><span style=\"text-align: start; font-size: 1rem;\">: Analisar as pr\u00e1ticas de ensino, a efic\u00e1cia das metodologias utilizadas e os resultados de aprendizagem dos alunos, identificando boas pr\u00e1ticas e \u00e1reas a melhorar.<\/span><\/p><p style=\"text-align: justify;\"><strong style=\"text-align: start; font-size: 1rem;\">Analisar o desempenho da gest\u00e3o escolar<\/strong><span style=\"text-align: start; font-size: 1rem;\">: Avaliar a lideran\u00e7a da escola, a organiza\u00e7\u00e3o interna, a gest\u00e3o de recursos humanos e materiais, e a implementa\u00e7\u00e3o de pol\u00edticas educacionais.<\/span><\/p><p style=\"text-align: justify;\"><strong style=\"text-align: start; font-size: 1rem;\">Verificar o grau de satisfa\u00e7\u00e3o de alunos, pais e docentes<\/strong><span style=\"text-align: start; font-size: 1rem;\">: Recolher e analisar as opini\u00f5es de todos os intervenientes da comunidade escolar, para identificar pontos fortes e \u00e1reas em que a escola pode melhorar.<\/span><\/p><p style=\"text-align: justify;\"><strong style=\"text-align: start; font-size: 1rem;\">Promover a inclus\u00e3o e a equidade<\/strong><span style=\"text-align: start; font-size: 1rem;\">: Avaliar as pr\u00e1ticas e pol\u00edticas da escola em rela\u00e7\u00e3o \u00e0 inclus\u00e3o de todos os alunos, independentemente das suas condi\u00e7\u00f5es sociais, culturais ou de aprendizagem, garantindo que todos tenham acesso a uma educa\u00e7\u00e3o de qualidade.<\/span><\/p><p><strong>Fomentar a participa\u00e7\u00e3o da comunidade escolar<\/strong>: Envolver todos os membros da comunidade escolar (alunos, pais, professores, funcion\u00e1rios) no processo de avalia\u00e7\u00e3o, promovendo a colabora\u00e7\u00e3o e o compromisso coletivo com a melhoria da escola.<\/p><p><strong>Identificar e implementar a\u00e7\u00f5es de melhoria<\/strong>: Com base nas conclus\u00f5es da autoavalia\u00e7\u00e3o, propor e implementar planos de a\u00e7\u00e3o concretos para corrigir defici\u00eancias e potenciar os pontos fortes da escola.<\/p><p><strong>Monitorizar e acompanhar a evolu\u00e7\u00e3o<\/strong>: Estabelecer mecanismos de acompanhamento para garantir que as melhorias propostas sejam implementadas de forma eficaz e que os resultados sejam avaliados periodicamente.<\/p><p>Estes objetivos espec\u00edficos contribuem para a constru\u00e7\u00e3o de um ambiente educativo de excel\u00eancia, centrado na melhoria cont\u00ednua dos processos e na adapta\u00e7\u00e3o \u00e0s necessidades da comunidade escolar.<\/p><p>&#8211; Relat\u00f3rio trimestral 1.\u00ba per\u00edodo 24\/25<\/p><p>&#8211; Relat\u00f3rio Trimestral 2\u00ba Per\u00edodo 24\/25<\/p>\t\t\t\t\t\t\t\t<\/div>\n\t\t\t\t<\/div>\n\t\t\t\t\t<\/div>\n\t\t\t\t<\/div>\n\t\t\t\t<\/div>\n\t\t","protected":false},"excerpt":{"rendered":"<p>Objetivos\/fun\u00e7\u00f5es da Equipa de Autoavalia\u00e7\u00e3o A Equipa de Autoavalia\u00e7\u00e3o Escolar do Agrupamento de Escolas de Mora, tem como objetivo geral promover uma an\u00e1lise reflexiva e&hellip;<\/p>\n","protected":false},"author":5,"featured_media":0,"comment_status":"closed","ping_status":"closed","sticky":false,"template":"","format":"standard","meta":{"_EventAllDay":false,"_EventTimezone":"","_EventStartDate":"","_EventEndDate":"","_EventStartDateUTC":"","_EventEndDateUTC":"","_EventShowMap":false,"_EventShowMapLink":false,"_EventURL":"","_EventCost":"","_EventCostDescription":"","_EventCurrencySymbol":"","_EventCurrencyCode":"","_EventCurrencyPosition":"","_EventDateTimeSeparator":"","_EventTimeRangeSeparator":"","_EventOrganizerID":[],"_EventVenueID":[],"_OrganizerEmail":"","_OrganizerPhone":"","_OrganizerWebsite":"","_VenueAddress":"","_VenueCity":"","_VenueCountry":"","_VenueProvince":"","_VenueState":"","_VenueZip":"","_VenuePhone":"","_VenueURL":"","_VenueStateProvince":"","_VenueLat":"","_VenueLng":"","_VenueShowMap":false,"_VenueShowMapLink":false,"footnotes":""},"categories":[121],"tags":[],"class_list":["post-80921","post","type-post","status-publish","format-standard","hentry","category-agrupamento"],"featured_image_url":[],"post_author":"Paulo Torres","assigned_categories":"Agrupamento","_links":{"self":[{"href":"https:\/\/www.aemora.pt\/index.php?rest_route=\/wp\/v2\/posts\/80921","targetHints":{"allow":["GET"]}}],"collection":[{"href":"https:\/\/www.aemora.pt\/index.php?rest_route=\/wp\/v2\/posts"}],"about":[{"href":"https:\/\/www.aemora.pt\/index.php?rest_route=\/wp\/v2\/types\/post"}],"author":[{"embeddable":true,"href":"https:\/\/www.aemora.pt\/index.php?rest_route=\/wp\/v2\/users\/5"}],"replies":[{"embeddable":true,"href":"https:\/\/www.aemora.pt\/index.php?rest_route=%2Fwp%2Fv2%2Fcomments&post=80921"}],"version-history":[{"count":18,"href":"https:\/\/www.aemora.pt\/index.php?rest_route=\/wp\/v2\/posts\/80921\/revisions"}],"predecessor-version":[{"id":81433,"href":"https:\/\/www.aemora.pt\/index.php?rest_route=\/wp\/v2\/posts\/80921\/revisions\/81433"}],"wp:attachment":[{"href":"https:\/\/www.aemora.pt\/index.php?rest_route=%2Fwp%2Fv2%2Fmedia&parent=80921"}],"wp:term":[{"taxonomy":"category","embeddable":true,"href":"https:\/\/www.aemora.pt\/index.php?rest_route=%2Fwp%2Fv2%2Fcategories&post=80921"},{"taxonomy":"post_tag","embeddable":true,"href":"https:\/\/www.aemora.pt\/index.php?rest_route=%2Fwp%2Fv2%2Ftags&post=80921"}],"curies":[{"name":"wp","href":"https:\/\/api.w.org\/{rel}","templated":true}]}}