{"id":80992,"date":"2025-05-14T20:24:53","date_gmt":"2025-05-14T19:24:53","guid":{"rendered":"https:\/\/www.aemora.pt\/?p=80992"},"modified":"2025-10-04T23:14:30","modified_gmt":"2025-10-04T22:14:30","slug":"colaboracao-da-junta-de-freguesia-de-mora","status":"publish","type":"post","link":"https:\/\/www.aemora.pt\/?p=80992","title":{"rendered":"Colabora\u00e7\u00e3o da Junta de Freguesia de Mora"},"content":{"rendered":"<h1 style=\"text-align: center;\"><span style=\"color: #0000ff;\"><b>Colabora\u00e7\u00e3o da Junta de Freguesia de Mora<\/b><\/span><\/h1>\n<h4 style=\"text-align: center;\">O Agrupamento de Escolas de Mora, a Biblioteca Escolar e o Clube de<\/h4>\n<h4 style=\"text-align: center;\">Storytelling agradecem, \u00e0 Junta de\u00a0 Freguesia de Mora, a oferta<\/h4>\n<h4 style=\"text-align: center;\">destes dois livros que, em breve, estar\u00e3o dispon\u00edveis para requisi\u00e7\u00e3o.<\/h4>\n<p><img fetchpriority=\"high\" decoding=\"async\" class=\"aligncenter\" src=\"https:\/\/www.aemora.pt\/wp-content\/uploads\/2025\/05\/livros-junta-freguesia-mora-1024x771.jpg\" sizes=\"(max-width: 800px) 100vw, 800px\" srcset=\"https:\/\/www.aemora.pt\/wp-content\/uploads\/2025\/05\/livros-junta-freguesia-mora-1024x771.jpg 1024w, https:\/\/www.aemora.pt\/wp-content\/uploads\/2025\/05\/livros-junta-freguesia-mora-300x226.jpg 300w, https:\/\/www.aemora.pt\/wp-content\/uploads\/2025\/05\/livros-junta-freguesia-mora-768x578.jpg 768w, https:\/\/www.aemora.pt\/wp-content\/uploads\/2025\/05\/livros-junta-freguesia-mora-1536x1156.jpg 1536w, https:\/\/www.aemora.pt\/wp-content\/uploads\/2025\/05\/livros-junta-freguesia-mora.jpg 1600w\" alt=\"\" width=\"800\" height=\"602\" \/><\/p>\n","protected":false},"excerpt":{"rendered":"<p>Colabora\u00e7\u00e3o da Junta de Freguesia de Mora O Agrupamento de Escolas de Mora, a Biblioteca Escolar e o Clube de Storytelling agradecem, \u00e0 Junta de\u00a0&hellip;<\/p>\n","protected":false},"author":5,"featured_media":0,"comment_status":"closed","ping_status":"closed","sticky":false,"template":"","format":"standard","meta":{"_EventAllDay":false,"_EventTimezone":"","_EventStartDate":"","_EventEndDate":"","_EventStartDateUTC":"","_EventEndDateUTC":"","_EventShowMap":false,"_EventShowMapLink":false,"_EventURL":"","_EventCost":"","_EventCostDescription":"","_EventCurrencySymbol":"","_EventCurrencyCode":"","_EventCurrencyPosition":"","_EventDateTimeSeparator":"","_EventTimeRangeSeparator":"","_EventOrganizerID":[],"_EventVenueID":[],"_OrganizerEmail":"","_OrganizerPhone":"","_OrganizerWebsite":"","_VenueAddress":"","_VenueCity":"","_VenueCountry":"","_VenueProvince":"","_VenueState":"","_VenueZip":"","_VenuePhone":"","_VenueURL":"","_VenueStateProvince":"","_VenueLat":"","_VenueLng":"","_VenueShowMap":false,"_VenueShowMapLink":false,"footnotes":""},"categories":[121],"tags":[],"class_list":["post-80992","post","type-post","status-publish","format-standard","hentry","category-agrupamento"],"featured_image_url":[],"post_author":"Paulo Torres","assigned_categories":"Agrupamento","_links":{"self":[{"href":"https:\/\/www.aemora.pt\/index.php?rest_route=\/wp\/v2\/posts\/80992","targetHints":{"allow":["GET"]}}],"collection":[{"href":"https:\/\/www.aemora.pt\/index.php?rest_route=\/wp\/v2\/posts"}],"about":[{"href":"https:\/\/www.aemora.pt\/index.php?rest_route=\/wp\/v2\/types\/post"}],"author":[{"embeddable":true,"href":"https:\/\/www.aemora.pt\/index.php?rest_route=\/wp\/v2\/users\/5"}],"replies":[{"embeddable":true,"href":"https:\/\/www.aemora.pt\/index.php?rest_route=%2Fwp%2Fv2%2Fcomments&post=80992"}],"version-history":[{"count":6,"href":"https:\/\/www.aemora.pt\/index.php?rest_route=\/wp\/v2\/posts\/80992\/revisions"}],"predecessor-version":[{"id":82689,"href":"https:\/\/www.aemora.pt\/index.php?rest_route=\/wp\/v2\/posts\/80992\/revisions\/82689"}],"wp:attachment":[{"href":"https:\/\/www.aemora.pt\/index.php?rest_route=%2Fwp%2Fv2%2Fmedia&parent=80992"}],"wp:term":[{"taxonomy":"category","embeddable":true,"href":"https:\/\/www.aemora.pt\/index.php?rest_route=%2Fwp%2Fv2%2Fcategories&post=80992"},{"taxonomy":"post_tag","embeddable":true,"href":"https:\/\/www.aemora.pt\/index.php?rest_route=%2Fwp%2Fv2%2Ftags&post=80992"}],"curies":[{"name":"wp","href":"https:\/\/api.w.org\/{rel}","templated":true}]}}