{"id":81078,"date":"2025-06-02T00:00:24","date_gmt":"2025-06-01T23:00:24","guid":{"rendered":"https:\/\/www.aemora.pt\/?p=81078"},"modified":"2025-06-03T09:52:30","modified_gmt":"2025-06-03T08:52:30","slug":"aviso-ao-alunos-e-enc-de-educacao-norma-02-jne-2025","status":"publish","type":"post","link":"https:\/\/www.aemora.pt\/?p=81078","title":{"rendered":"Aviso aos alunos e Enc. de Educa\u00e7\u00e3o (Norma 02\/JNE\/2025)"},"content":{"rendered":"\t\t<div data-elementor-type=\"wp-post\" data-elementor-id=\"81078\" class=\"elementor elementor-81078\" data-elementor-post-type=\"post\">\n\t\t\t\t<div class=\"elementor-element elementor-element-f0770fd e-flex e-con-boxed e-con e-parent\" data-id=\"f0770fd\" data-element_type=\"container\" data-e-type=\"container\">\n\t\t\t\t\t<div class=\"e-con-inner\">\n\t\t\t\t<div class=\"elementor-element elementor-element-b6cf8a1 elementor-widget elementor-widget-spacer\" data-id=\"b6cf8a1\" data-element_type=\"widget\" data-e-type=\"widget\" data-widget_type=\"spacer.default\">\n\t\t\t\t<div class=\"elementor-widget-container\">\n\t\t\t\t\t\t\t<div class=\"elementor-spacer\">\n\t\t\t<div class=\"elementor-spacer-inner\"><\/div>\n\t\t<\/div>\n\t\t\t\t\t\t<\/div>\n\t\t\t\t<\/div>\n\t\t\t\t<div class=\"elementor-element elementor-element-b330f02 elementor-widget elementor-widget-heading\" data-id=\"b330f02\" data-element_type=\"widget\" data-e-type=\"widget\" data-widget_type=\"heading.default\">\n\t\t\t\t<div class=\"elementor-widget-container\">\n\t\t\t\t\t<h2 class=\"elementor-heading-title elementor-size-default\"><b>Norma 02 de 2025 do J\u00fari Nacional de Exames<\/b><\/h2>\t\t\t\t<\/div>\n\t\t\t\t<\/div>\n\t\t\t\t<div class=\"elementor-element elementor-element-7a87346 elementor-widget elementor-widget-spacer\" data-id=\"7a87346\" data-element_type=\"widget\" data-e-type=\"widget\" data-widget_type=\"spacer.default\">\n\t\t\t\t<div class=\"elementor-widget-container\">\n\t\t\t\t\t\t\t<div class=\"elementor-spacer\">\n\t\t\t<div class=\"elementor-spacer-inner\"><\/div>\n\t\t<\/div>\n\t\t\t\t\t\t<\/div>\n\t\t\t\t<\/div>\n\t\t\t\t<div class=\"elementor-element elementor-element-267a13e elementor-widget elementor-widget-text-editor\" data-id=\"267a13e\" data-element_type=\"widget\" data-e-type=\"widget\" data-widget_type=\"text-editor.default\">\n\t\t\t\t<div class=\"elementor-widget-container\">\n\t\t\t\t\t\t\t\t\t<p style=\"text-align: justify;\">Chama-se a aten\u00e7\u00e3o dos alunos e Encarregados de Educa\u00e7\u00e3o para uma leitura mais atenta dos pontos 2.4 e 2.5, real\u00e7ados abaixo. O documento completo encontra-se dispon\u00edvel para descarregar atrav\u00e9s da hiperliga\u00e7\u00e3o colocada no final da p\u00e1gina com o nome (Norma 02_2025_ 29 Maio_VF_JNE.pdf).<\/p><p style=\"text-align: justify;\"><strong><em>2.4.\u00a0<span style=\"font-size: 1rem;\">Da informa\u00e7\u00e3o a divulgar aos alunos e encarregados de educa\u00e7\u00e3o deve constar o disposto nos n.\u00bas 4., 8., 9., 12., 29. e Cap\u00edtulo V, Sec\u00e7\u00e3o I &#8211; Reaprecia\u00e7\u00e3o das Provas Finais do Ensino B\u00e1sico, para os alunos do Ensino B\u00e1sico, e n.\u00bas 4., 8., 9., 17., 18., 19., 24., 25., 26., 28.2., 29., 32.23., 32.25., e Cap\u00edtulo V, Sec\u00e7\u00e3o II &#8211; Reaprecia\u00e7\u00e3o de Provas e Exames.<\/span><\/em><\/strong><\/p><p style=\"text-align: justify;\"><strong><em>2.5.\u00a0<span style=\"font-size: 1rem;\">Os Modelos JNE n\u00fameros 02, 09, 10, 11, 12, 12-A, 15, 16 e 16-A s\u00e3o para utiliza\u00e7\u00e3o, quando aplic\u00e1vel, por parte dos alunos\/encarregados de educa\u00e7\u00e3o interessados e encontram-se dispon\u00edveis, em formato digital, para preenchimento em computador, no s\u00edtio do JNE, em:<\/span><\/em><\/strong><\/p><p style=\"text-align: center;\"><strong><em><a href=\"https:\/\/www.dge.mec.pt\/modelos\" target=\"_blank\" rel=\"noopener\"><u>https:\/\/www.dge.mec.pt\/modelos<\/u><\/a><\/em><\/strong><\/p>\t\t\t\t\t\t\t\t<\/div>\n\t\t\t\t<\/div>\n\t\t\t\t<div class=\"elementor-element elementor-element-a983f47 elementor-widget elementor-widget-image\" data-id=\"a983f47\" data-element_type=\"widget\" data-e-type=\"widget\" data-widget_type=\"image.default\">\n\t\t\t\t<div class=\"elementor-widget-container\">\n\t\t\t\t\t\t\t\t\t\t\t\t\t\t\t<img fetchpriority=\"high\" decoding=\"async\" width=\"719\" height=\"1024\" src=\"https:\/\/www.aemora.pt\/wp-content\/uploads\/2025\/06\/norma02_2_4_2_5-719x1024.png\" class=\"attachment-large size-large wp-image-81080\" alt=\"\" srcset=\"https:\/\/www.aemora.pt\/wp-content\/uploads\/2025\/06\/norma02_2_4_2_5-719x1024.png 719w, https:\/\/www.aemora.pt\/wp-content\/uploads\/2025\/06\/norma02_2_4_2_5-211x300.png 211w, https:\/\/www.aemora.pt\/wp-content\/uploads\/2025\/06\/norma02_2_4_2_5.png 755w\" sizes=\"(max-width: 719px) 100vw, 719px\" \/>\t\t\t\t\t\t\t\t\t\t\t\t\t\t\t<\/div>\n\t\t\t\t<\/div>\n\t\t\t\t<div class=\"elementor-element elementor-element-8097c64 elementor-widget elementor-widget-text-editor\" data-id=\"8097c64\" data-element_type=\"widget\" data-e-type=\"widget\" data-widget_type=\"text-editor.default\">\n\t\t\t\t<div class=\"elementor-widget-container\">\n\t\t\t\t\t\t\t\t\t<p style=\"text-align: center;\"><span style=\"font-size: 24px;\"><a href=\"https:\/\/www.aemora.pt\/wp-content\/uploads\/2025\/06\/Norma-02_2025_-29-Maio_VF_JNE.pdf\" target=\"_blank\" rel=\"noopener\"><u>Norma 02_2025_ 29 Maio_VF_JNE.pdf<\/u><\/a><\/span><\/p>\t\t\t\t\t\t\t\t<\/div>\n\t\t\t\t<\/div>\n\t\t\t\t\t<\/div>\n\t\t\t\t<\/div>\n\t\t\t\t<\/div>\n\t\t","protected":false},"excerpt":{"rendered":"<p>Norma 02 de 2025 do J\u00fari Nacional de Exames Chama-se a aten\u00e7\u00e3o dos alunos e Encarregados de Educa\u00e7\u00e3o para uma leitura mais atenta dos pontos&hellip;<\/p>\n","protected":false},"author":5,"featured_media":0,"comment_status":"closed","ping_status":"closed","sticky":false,"template":"","format":"standard","meta":{"_EventAllDay":false,"_EventTimezone":"","_EventStartDate":"","_EventEndDate":"","_EventStartDateUTC":"","_EventEndDateUTC":"","_EventShowMap":false,"_EventShowMapLink":false,"_EventURL":"","_EventCost":"","_EventCostDescription":"","_EventCurrencySymbol":"","_EventCurrencyCode":"","_EventCurrencyPosition":"","_EventDateTimeSeparator":"","_EventTimeRangeSeparator":"","_EventOrganizerID":[],"_EventVenueID":[],"_OrganizerEmail":"","_OrganizerPhone":"","_OrganizerWebsite":"","_VenueAddress":"","_VenueCity":"","_VenueCountry":"","_VenueProvince":"","_VenueState":"","_VenueZip":"","_VenuePhone":"","_VenueURL":"","_VenueStateProvince":"","_VenueLat":"","_VenueLng":"","_VenueShowMap":false,"_VenueShowMapLink":false,"footnotes":""},"categories":[121],"tags":[],"class_list":["post-81078","post","type-post","status-publish","format-standard","hentry","category-agrupamento"],"featured_image_url":[],"post_author":"Paulo Torres","assigned_categories":"Agrupamento","_links":{"self":[{"href":"https:\/\/www.aemora.pt\/index.php?rest_route=\/wp\/v2\/posts\/81078","targetHints":{"allow":["GET"]}}],"collection":[{"href":"https:\/\/www.aemora.pt\/index.php?rest_route=\/wp\/v2\/posts"}],"about":[{"href":"https:\/\/www.aemora.pt\/index.php?rest_route=\/wp\/v2\/types\/post"}],"author":[{"embeddable":true,"href":"https:\/\/www.aemora.pt\/index.php?rest_route=\/wp\/v2\/users\/5"}],"replies":[{"embeddable":true,"href":"https:\/\/www.aemora.pt\/index.php?rest_route=%2Fwp%2Fv2%2Fcomments&post=81078"}],"version-history":[{"count":14,"href":"https:\/\/www.aemora.pt\/index.php?rest_route=\/wp\/v2\/posts\/81078\/revisions"}],"predecessor-version":[{"id":81095,"href":"https:\/\/www.aemora.pt\/index.php?rest_route=\/wp\/v2\/posts\/81078\/revisions\/81095"}],"wp:attachment":[{"href":"https:\/\/www.aemora.pt\/index.php?rest_route=%2Fwp%2Fv2%2Fmedia&parent=81078"}],"wp:term":[{"taxonomy":"category","embeddable":true,"href":"https:\/\/www.aemora.pt\/index.php?rest_route=%2Fwp%2Fv2%2Fcategories&post=81078"},{"taxonomy":"post_tag","embeddable":true,"href":"https:\/\/www.aemora.pt\/index.php?rest_route=%2Fwp%2Fv2%2Ftags&post=81078"}],"curies":[{"name":"wp","href":"https:\/\/api.w.org\/{rel}","templated":true}]}}