{"id":81199,"date":"2025-06-06T15:54:57","date_gmt":"2025-06-06T14:54:57","guid":{"rendered":"https:\/\/www.aemora.pt\/?p=81199"},"modified":"2025-06-25T18:50:37","modified_gmt":"2025-06-25T17:50:37","slug":"dar-voz-as-profissoes-x","status":"publish","type":"post","link":"https:\/\/www.aemora.pt\/?p=81199","title":{"rendered":"Dar Voz \u00e0s Profiss\u00f5es X"},"content":{"rendered":"\t\t<div data-elementor-type=\"wp-post\" data-elementor-id=\"81199\" class=\"elementor elementor-81199\" data-elementor-post-type=\"post\">\n\t\t\t\t<div class=\"elementor-element elementor-element-a5a4948 e-flex e-con-boxed e-con e-parent\" data-id=\"a5a4948\" data-element_type=\"container\" data-e-type=\"container\">\n\t\t\t\t\t<div class=\"e-con-inner\">\n\t\t\t\t<div class=\"elementor-element elementor-element-c7399eb elementor-widget elementor-widget-spacer\" data-id=\"c7399eb\" data-element_type=\"widget\" data-e-type=\"widget\" data-widget_type=\"spacer.default\">\n\t\t\t\t<div class=\"elementor-widget-container\">\n\t\t\t\t\t\t\t<div class=\"elementor-spacer\">\n\t\t\t<div class=\"elementor-spacer-inner\"><\/div>\n\t\t<\/div>\n\t\t\t\t\t\t<\/div>\n\t\t\t\t<\/div>\n\t\t\t\t\t<\/div>\n\t\t\t\t<\/div>\n\t\t<div class=\"elementor-element elementor-element-af62e8b e-flex e-con-boxed e-con e-parent\" data-id=\"af62e8b\" data-element_type=\"container\" data-e-type=\"container\">\n\t\t\t\t\t<div class=\"e-con-inner\">\n\t\t\t\t<div class=\"elementor-element elementor-element-fb7880c elementor-widget elementor-widget-heading\" data-id=\"fb7880c\" data-element_type=\"widget\" data-e-type=\"widget\" data-widget_type=\"heading.default\">\n\t\t\t\t<div class=\"elementor-widget-container\">\n\t\t\t\t\t<h2 class=\"elementor-heading-title elementor-size-default\"><b>Dar Voz \u00e0s Profiss\u00f5es X<\/b><\/h2>\t\t\t\t<\/div>\n\t\t\t\t<\/div>\n\t\t\t\t\t<\/div>\n\t\t\t\t<\/div>\n\t\t<div class=\"elementor-element elementor-element-ea7c341 e-flex e-con-boxed e-con e-parent\" data-id=\"ea7c341\" data-element_type=\"container\" data-e-type=\"container\">\n\t\t\t\t\t<div class=\"e-con-inner\">\n\t\t\t\t<div class=\"elementor-element elementor-element-2908121 elementor-widget elementor-widget-spacer\" data-id=\"2908121\" data-element_type=\"widget\" data-e-type=\"widget\" data-widget_type=\"spacer.default\">\n\t\t\t\t<div class=\"elementor-widget-container\">\n\t\t\t\t\t\t\t<div class=\"elementor-spacer\">\n\t\t\t<div class=\"elementor-spacer-inner\"><\/div>\n\t\t<\/div>\n\t\t\t\t\t\t<\/div>\n\t\t\t\t<\/div>\n\t\t\t\t\t<\/div>\n\t\t\t\t<\/div>\n\t\t<div class=\"elementor-element elementor-element-7c063f9 e-flex e-con-boxed e-con e-parent\" data-id=\"7c063f9\" data-element_type=\"container\" data-e-type=\"container\">\n\t\t\t\t\t<div class=\"e-con-inner\">\n\t\t\t\t<div class=\"elementor-element elementor-element-6f289d1 elementor-widget elementor-widget-text-editor\" data-id=\"6f289d1\" data-element_type=\"widget\" data-e-type=\"widget\" data-widget_type=\"text-editor.default\">\n\t\t\t\t<div class=\"elementor-widget-container\">\n\t\t\t\t\t\t\t\t\t<div class=\"x_elementToProof\" style=\"text-align: justify;\" data-olk-copy-source=\"MessageBody\">No dia 29 de maio decorreu, na Escola B\u00e1sica e Secund\u00e1ria de Mora, a atividade Dar Voz \u00e0s Profiss\u00f5es X, desenvolvida pelas t\u00e9cnicas do Departamento de Educa\u00e7\u00e3o Especial, no \u00e2mbito da Orienta\u00e7\u00e3o Escolar e Vocacional.\u00a0<\/div><div class=\"x_elementToProof\" style=\"text-align: justify;\">A atividade dirigiu-se aos alunos do 9\u00ba ano e ensino secund\u00e1rio, e contou com oradores convidados de v\u00e1rias \u00e1reas profissionais (GNR, jurista, enfermeiras, fisioterapeuta, artista) e estudantes do ensino superior (Academia Militar, psicologia, geografia, desporto, servi\u00e7o social e academia militar).\u00a0<\/div><div class=\"x_elementToProof\" style=\"text-align: justify;\">Em pequenos grupos, os alunos tiveram a oportunidade de ouvirem e partilharem ideias com estes profissionais, de acordo com os seus interesses.\u00a0<\/div><div class=\"x_elementToProof\" style=\"text-align: justify;\">Pretendeu-se contribuir para a explora\u00e7\u00e3o e desenvolvimento vocacional dos jovens e constru\u00e7\u00e3o do seu projeto de vida.\u00a0<\/div><div class=\"x_elementToProof\" style=\"text-align: justify;\">Os alunos demonstraram-se muito interessados e participativos.<\/div>\t\t\t\t\t\t\t\t<\/div>\n\t\t\t\t<\/div>\n\t\t\t\t\t<\/div>\n\t\t\t\t<\/div>\n\t\t<div class=\"elementor-element elementor-element-8bb9e80 e-flex e-con-boxed e-con e-parent\" data-id=\"8bb9e80\" data-element_type=\"container\" data-e-type=\"container\">\n\t\t\t\t\t<div class=\"e-con-inner\">\n\t\t\t\t\t<\/div>\n\t\t\t\t<\/div>\n\t\t<div class=\"elementor-element elementor-element-8d0c9d7 e-flex e-con-boxed e-con e-parent\" data-id=\"8d0c9d7\" data-element_type=\"container\" data-e-type=\"container\">\n\t\t\t\t\t<div class=\"e-con-inner\">\n\t\t\t\t<div class=\"elementor-element elementor-element-97259bd elementor-widget elementor-widget-text-editor\" data-id=\"97259bd\" data-element_type=\"widget\" data-e-type=\"widget\" data-widget_type=\"text-editor.default\">\n\t\t\t\t<div class=\"elementor-widget-container\">\n\t\t\t\t\t\t\t\t\t<p style=\"text-align: center;\"><span style=\"color: #b80303;\"><em><b>V\u00eddeo sobre &#8220;Dar Voz \u00e0s Profiss\u00f5es&#8221; (clicar na imagem abaixo)<\/b><\/em><\/span><\/p>\t\t\t\t\t\t\t\t<\/div>\n\t\t\t\t<\/div>\n\t\t\t\t<div class=\"elementor-element elementor-element-cf2fac4 elementor-widget elementor-widget-image\" data-id=\"cf2fac4\" data-element_type=\"widget\" data-e-type=\"widget\" data-widget_type=\"image.default\">\n\t\t\t\t<div class=\"elementor-widget-container\">\n\t\t\t\t\t\t\t\t\t\t\t\t<figure class=\"wp-caption\">\n\t\t\t\t\t\t\t\t\t\t\t<a href=\"https:\/\/aemora-my.sharepoint.com\/personal\/paulo_sa_aemora_pt\/_layouts\/15\/stream.aspx?id=%2Fpersonal%2Fpaulo%5Fsa%5Faemora%5Fpt%2FDocuments%2Fvideos%5Fsite%2Fdar%5Fvoz%5Fas%5Fprofissoes%2Emp4&#038;referrer=StreamWebApp%2EWeb&#038;referrerScenario=AddressBarCopied%2Eview%2E07428fd3%2D2c95%2D46d4%2Dbca4%2D9da8d0f116db\" target=\"_blank\">\n\t\t\t\t\t\t\t<img fetchpriority=\"high\" decoding=\"async\" width=\"757\" height=\"1075\" src=\"https:\/\/www.aemora.pt\/wp-content\/uploads\/2025\/06\/dar_vos_as_profissoes_tumbnail.png\" class=\"attachment-medium_large size-medium_large wp-image-81222\" alt=\"\" srcset=\"https:\/\/www.aemora.pt\/wp-content\/uploads\/2025\/06\/dar_vos_as_profissoes_tumbnail.png 757w, https:\/\/www.aemora.pt\/wp-content\/uploads\/2025\/06\/dar_vos_as_profissoes_tumbnail-211x300.png 211w, https:\/\/www.aemora.pt\/wp-content\/uploads\/2025\/06\/dar_vos_as_profissoes_tumbnail-721x1024.png 721w\" sizes=\"(max-width: 757px) 100vw, 757px\" \/>\t\t\t\t\t\t\t\t<\/a>\n\t\t\t\t\t\t\t\t\t\t\t<figcaption class=\"widget-image-caption wp-caption-text\">V\u00eddeo sobre \"Dar Voz \u00e0s Profiss\u00f5es\" (clicar na imagem acima)<\/figcaption>\n\t\t\t\t\t\t\t\t\t\t<\/figure>\n\t\t\t\t\t\t\t\t\t<\/div>\n\t\t\t\t<\/div>\n\t\t\t\t\t<\/div>\n\t\t\t\t<\/div>\n\t\t\t\t<\/div>\n\t\t","protected":false},"excerpt":{"rendered":"<p>Dar Voz \u00e0s Profiss\u00f5es X No dia 29 de maio decorreu, na Escola B\u00e1sica e Secund\u00e1ria de Mora, a atividade Dar Voz \u00e0s Profiss\u00f5es X,&hellip;<\/p>\n","protected":false},"author":5,"featured_media":0,"comment_status":"closed","ping_status":"closed","sticky":false,"template":"","format":"standard","meta":{"_EventAllDay":false,"_EventTimezone":"","_EventStartDate":"","_EventEndDate":"","_EventStartDateUTC":"","_EventEndDateUTC":"","_EventShowMap":false,"_EventShowMapLink":false,"_EventURL":"","_EventCost":"","_EventCostDescription":"","_EventCurrencySymbol":"","_EventCurrencyCode":"","_EventCurrencyPosition":"","_EventDateTimeSeparator":"","_EventTimeRangeSeparator":"","_EventOrganizerID":[],"_EventVenueID":[],"_OrganizerEmail":"","_OrganizerPhone":"","_OrganizerWebsite":"","_VenueAddress":"","_VenueCity":"","_VenueCountry":"","_VenueProvince":"","_VenueState":"","_VenueZip":"","_VenuePhone":"","_VenueURL":"","_VenueStateProvince":"","_VenueLat":"","_VenueLng":"","_VenueShowMap":false,"_VenueShowMapLink":false,"footnotes":""},"categories":[121],"tags":[],"class_list":["post-81199","post","type-post","status-publish","format-standard","hentry","category-agrupamento"],"featured_image_url":[],"post_author":"Paulo Torres","assigned_categories":"Agrupamento","_links":{"self":[{"href":"https:\/\/www.aemora.pt\/index.php?rest_route=\/wp\/v2\/posts\/81199","targetHints":{"allow":["GET"]}}],"collection":[{"href":"https:\/\/www.aemora.pt\/index.php?rest_route=\/wp\/v2\/posts"}],"about":[{"href":"https:\/\/www.aemora.pt\/index.php?rest_route=\/wp\/v2\/types\/post"}],"author":[{"embeddable":true,"href":"https:\/\/www.aemora.pt\/index.php?rest_route=\/wp\/v2\/users\/5"}],"replies":[{"embeddable":true,"href":"https:\/\/www.aemora.pt\/index.php?rest_route=%2Fwp%2Fv2%2Fcomments&post=81199"}],"version-history":[{"count":30,"href":"https:\/\/www.aemora.pt\/index.php?rest_route=\/wp\/v2\/posts\/81199\/revisions"}],"predecessor-version":[{"id":81307,"href":"https:\/\/www.aemora.pt\/index.php?rest_route=\/wp\/v2\/posts\/81199\/revisions\/81307"}],"wp:attachment":[{"href":"https:\/\/www.aemora.pt\/index.php?rest_route=%2Fwp%2Fv2%2Fmedia&parent=81199"}],"wp:term":[{"taxonomy":"category","embeddable":true,"href":"https:\/\/www.aemora.pt\/index.php?rest_route=%2Fwp%2Fv2%2Fcategories&post=81199"},{"taxonomy":"post_tag","embeddable":true,"href":"https:\/\/www.aemora.pt\/index.php?rest_route=%2Fwp%2Fv2%2Ftags&post=81199"}],"curies":[{"name":"wp","href":"https:\/\/api.w.org\/{rel}","templated":true}]}}